{"id":67,"date":"2017-08-01T21:59:59","date_gmt":"2017-08-01T19:59:59","guid":{"rendered":"https:\/\/blogs.musikerohnegrenzen.de\/tobiasdieselhorst\/2017\/08\/01\/ankunft\/"},"modified":"2017-10-16T01:36:28","modified_gmt":"2017-10-15T23:36:28","slug":"ankunft","status":"publish","type":"post","link":"https:\/\/blogs.musikerohnegrenzen.de\/tobiasdieselhorst\/2017\/08\/01\/ankunft\/","title":{"rendered":"Ankunft"},"content":{"rendered":"<p>Nach ungef\u00e4hr 18 Stunden Reise bin ich am Donnerstag endlich in Guayaquil, Ecuador gelandet. Geflogen war ich von Hamburg \u00fcber Amsterdam und Quito, ab Amsterdam in Begleitung von Lisa, einer weiteren Freiwilligen f\u00fcr das Projekt in Playas. Am Flughafen wurden wir dann direkt mit \u201cMoG\u201c-, \u201cLisa\u201c- und \u201cTobi\u201c-Schildern empfangen, gehalten von Finn, der die letzten zwei Monate gr\u00f6\u00dftenteils als einziger Freiwilliger in Playas war, und Jorge, unserem Gastvater f\u00fcr die erste Nacht. Diese verbrachten wir n\u00e4mlich noch in Guayaquil und zwar im Guasmo, wo sich das erste MoG-Projekt \u201cClave de Sur\u201c &nbsp;befindet. Sehr herzlich wurden wir dort von einer f\u00fcnfk\u00f6pfigen Familie aufgenommen, die es etwas improvisiert geschafft hatte, uns dreien ein Zimmer mit drei Schlafpl\u00e4tzen freizumachen. Vor dem Abendessen hatten wir noch kurz Zeit uns die Musikschule anzugucken und die Freiwilligen dort zu treffen. Das Projekt im Guasmo hat auf mich einen ganz tollen Eindruck gemacht. Es ist von allen Projekten das am weitesten fortgeschrittene. Mittlerweile unterrichten hier auch viele Ecuadorianer, die urspr\u00fcnglich mal ihre Instrumente bei uns Freiwilligen gelernt haben. Als Freiwilliger bekommt man hier bei der Ankunft sofort einen, von den ecuadorianischen Koordinatoren ausgearbeiteten Stundenplan vorgelegt. In Playas l\u00e4uft das, wie ich sp\u00e4ter berichten werde, zur Zeit noch ganz anders ab.<\/p>\n<p>Am n\u00e4chsten morgen wurden wir von unserem Gastvater am Busterminal abgesetzt, von wo aus wir mit dem Bus zwei Stunden nach Playas gefahren sind. Playas, meine Heimat f\u00fcr die kommenden acht Monate, liegt unmittelbar am Meer. Am Wochenende ist es ein beliebter Ausflugsort f\u00fcr die Einwohner Guayaquils. Unser Projekt \u201cOla Sinf\u00f3nica\u201c befindet sich hier im st\u00e4dtischen \u201cCentro interkcultural Cacique Tumbala\u201c, meist einfach Cacique genannt. Nur wenige Stra\u00dfenblocks entfernt befindet sich das Haus meiner Gastfamilie. Meine Gastmutter Laura hat insgesamt f\u00fcnf Kinder. Die \u00e4ltesten beiden sind allerdings nur selten in Playas, der eine wird in Quito zum M\u00f6nch, die andere ist mit einem Polizisten verheiratet und wohnt mit ihm und den gemeinsamen zwei T\u00f6chtern in Guayaquil. Sie ist aber Samstag zu Besuch gewesen. Zwei weitere meiner Gastgeschwister, Gabriela und Stalin, studieren Psychologie in Guayaquil und sind nur am Wochenende zuhause. Unter der Woche bin ich also alleine mit meiner Gastmutter und meiner dreizehnj\u00e4hrigen Gastschwester Alison. Mein Gastvater ist Fischer und immer wochenlang auf See, folglich ist er nur sehr selten zuhause.<\/p>\n<p>Ich werde mein Leben in der Gastfamilie zu einem sp\u00e4teren Zeitpunkt nochmal ausf\u00fchrlicher beschreiben (vielleicht auch mit Fotos?!). Wir haben hier zur Zeit eine sehr intensive Zeit, denn Finn ist nur noch bis Sonntag hier und m\u00f6chte uns bis dahin m\u00f6glichst viel gezeigt und erkl\u00e4rt haben, damit die \u00dcbergabe m\u00f6glichst reibungsfrei gelingt. Gestern habe ich meine ersten Stunden als Saxophon-, Klavier und sogar Basslehrer (ich spiele keinen Bass) gehabt, aber auch dazu sp\u00e4ter mehr. Am Freitag Abend gab es au\u00dferdem ein gro\u00dfes Konzert von Ola Sinf\u00f3nica auf dem Plaza C\u00edvica, dem Rathausplatz von Playas.<\/p>\n<div style=\"width: 4010px\" class=\"wp-caption alignnone\"><a href=\"https:\/\/i1.wp.com\/blogs.musikerohnegrenzen.de\/tobiasdieselhorst\/wp-content\/uploads\/sites\/10\/2017\/08\/P1030950.jpg?ssl=1\"><img data-attachment-id=\"66\" data-permalink=\"https:\/\/blogs.musikerohnegrenzen.de\/tobiasdieselhorst\/p1030950\/\" data-orig-file=\"https:\/\/i1.wp.com\/blogs.musikerohnegrenzen.de\/tobiasdieselhorst\/wp-content\/uploads\/sites\/10\/2017\/08\/P1030950.jpg?fit=4000%2C3000&amp;ssl=1\" data-orig-size=\"4000,3000\" data-comments-opened=\"1\" data-image-meta=\"{&quot;aperture&quot;:&quot;2.8&quot;,&quot;credit&quot;:&quot;&quot;,&quot;camera&quot;:&quot;DMC-FZ200&quot;,&quot;caption&quot;:&quot;&quot;,&quot;created_timestamp&quot;:&quot;1501301103&quot;,&quot;copyright&quot;:&quot;&quot;,&quot;focal_length&quot;:&quot;7&quot;,&quot;iso&quot;:&quot;400&quot;,&quot;shutter_speed&quot;:&quot;0.0333333333333&quot;,&quot;title&quot;:&quot;&quot;,&quot;orientation&quot;:&quot;1&quot;}\" data-image-title=\"P1030950\" data-image-description=\"\" data-image-caption=\"\" data-medium-file=\"https:\/\/i1.wp.com\/blogs.musikerohnegrenzen.de\/tobiasdieselhorst\/wp-content\/uploads\/sites\/10\/2017\/08\/P1030950.jpg?fit=300%2C225&amp;ssl=1\" data-large-file=\"https:\/\/i1.wp.com\/blogs.musikerohnegrenzen.de\/tobiasdieselhorst\/wp-content\/uploads\/sites\/10\/2017\/08\/P1030950.jpg?fit=800%2C600&amp;ssl=1\" loading=\"lazy\" width=\"800\" height=\"600\" title=\"\" class=\"size-full wp-image-66\" alt=\"\" src=\"https:\/\/i1.wp.com\/blogs.musikerohnegrenzen.de\/tobiasdieselhorst\/wp-content\/uploads\/sites\/10\/2017\/08\/P1030950.jpg?resize=800%2C600&#038;ssl=1\" srcset=\"https:\/\/i1.wp.com\/blogs.musikerohnegrenzen.de\/tobiasdieselhorst\/wp-content\/uploads\/sites\/10\/2017\/08\/P1030950.jpg?w=4000&amp;ssl=1 4000w, https:\/\/i1.wp.com\/blogs.musikerohnegrenzen.de\/tobiasdieselhorst\/wp-content\/uploads\/sites\/10\/2017\/08\/P1030950.jpg?resize=300%2C225&amp;ssl=1 300w, https:\/\/i1.wp.com\/blogs.musikerohnegrenzen.de\/tobiasdieselhorst\/wp-content\/uploads\/sites\/10\/2017\/08\/P1030950.jpg?resize=768%2C576&amp;ssl=1 768w, https:\/\/i1.wp.com\/blogs.musikerohnegrenzen.de\/tobiasdieselhorst\/wp-content\/uploads\/sites\/10\/2017\/08\/P1030950.jpg?resize=1024%2C768&amp;ssl=1 1024w, https:\/\/i1.wp.com\/blogs.musikerohnegrenzen.de\/tobiasdieselhorst\/wp-content\/uploads\/sites\/10\/2017\/08\/P1030950.jpg?w=1600&amp;ssl=1 1600w, https:\/\/i1.wp.com\/blogs.musikerohnegrenzen.de\/tobiasdieselhorst\/wp-content\/uploads\/sites\/10\/2017\/08\/P1030950.jpg?w=2400&amp;ssl=1 2400w\" sizes=\"(max-width: 800px) 100vw, 800px\" data-recalc-dims=\"1\" \/><\/a><p class=\"wp-caption-text\">Nach dem Konzert auf der Plaza C\u00edvica<\/p><\/div>\n<p>Drum herum sind wir st\u00e4ndig bei verschiedenen Familien von Finns Sch\u00fclern eingeladen. So waren wir am Freitag bei einem 15. Geburtstag einer Cousine eines Sch\u00fclers (der 15. Geburtstag ist hier von besonderer Bedeutung), am Sonntag bei einer zuk\u00fcnftigen Sch\u00fclerin von mir, die etwas au\u00dferhalb von Playas direkt am Meer wohnt, und gestern bei irgendeinem religi\u00f6sen Fest, bei dem eine Maria-Figur begraben wurde.<\/p>\n<div style=\"width: 4170px\" class=\"wp-caption alignnone\"><a href=\"https:\/\/i0.wp.com\/blogs.musikerohnegrenzen.de\/tobiasdieselhorst\/wp-content\/uploads\/sites\/10\/2017\/08\/IMG_20170730_003544-1.jpg?ssl=1\"><img data-attachment-id=\"63\" data-permalink=\"https:\/\/blogs.musikerohnegrenzen.de\/tobiasdieselhorst\/sdr-3\/\" data-orig-file=\"https:\/\/i0.wp.com\/blogs.musikerohnegrenzen.de\/tobiasdieselhorst\/wp-content\/uploads\/sites\/10\/2017\/08\/IMG_20170730_003544-1.jpg?fit=4160%2C3120&amp;ssl=1\" data-orig-size=\"4160,3120\" data-comments-opened=\"1\" data-image-meta=\"{&quot;aperture&quot;:&quot;2&quot;,&quot;credit&quot;:&quot;&quot;,&quot;camera&quot;:&quot;HUAWEI VNS-L31&quot;,&quot;caption&quot;:&quot;sdr&quot;,&quot;created_timestamp&quot;:&quot;1501374946&quot;,&quot;copyright&quot;:&quot;&quot;,&quot;focal_length&quot;:&quot;3.79&quot;,&quot;iso&quot;:&quot;640&quot;,&quot;shutter_speed&quot;:&quot;0.05&quot;,&quot;title&quot;:&quot;sdr&quot;,&quot;orientation&quot;:&quot;0&quot;}\" data-image-title=\"sdr\" data-image-description=\"\" data-image-caption=\"&lt;p&gt;sdr&lt;\/p&gt;\n\" data-medium-file=\"https:\/\/i0.wp.com\/blogs.musikerohnegrenzen.de\/tobiasdieselhorst\/wp-content\/uploads\/sites\/10\/2017\/08\/IMG_20170730_003544-1.jpg?fit=300%2C225&amp;ssl=1\" data-large-file=\"https:\/\/i0.wp.com\/blogs.musikerohnegrenzen.de\/tobiasdieselhorst\/wp-content\/uploads\/sites\/10\/2017\/08\/IMG_20170730_003544-1.jpg?fit=800%2C600&amp;ssl=1\" loading=\"lazy\" width=\"800\" height=\"600\" title=\"\" class=\"size-full wp-image-63\" alt=\"\" src=\"https:\/\/i0.wp.com\/blogs.musikerohnegrenzen.de\/tobiasdieselhorst\/wp-content\/uploads\/sites\/10\/2017\/08\/IMG_20170730_003544-1.jpg?resize=800%2C600&#038;ssl=1\" srcset=\"https:\/\/i0.wp.com\/blogs.musikerohnegrenzen.de\/tobiasdieselhorst\/wp-content\/uploads\/sites\/10\/2017\/08\/IMG_20170730_003544-1.jpg?w=4160&amp;ssl=1 4160w, https:\/\/i0.wp.com\/blogs.musikerohnegrenzen.de\/tobiasdieselhorst\/wp-content\/uploads\/sites\/10\/2017\/08\/IMG_20170730_003544-1.jpg?resize=300%2C225&amp;ssl=1 300w, https:\/\/i0.wp.com\/blogs.musikerohnegrenzen.de\/tobiasdieselhorst\/wp-content\/uploads\/sites\/10\/2017\/08\/IMG_20170730_003544-1.jpg?resize=768%2C576&amp;ssl=1 768w, https:\/\/i0.wp.com\/blogs.musikerohnegrenzen.de\/tobiasdieselhorst\/wp-content\/uploads\/sites\/10\/2017\/08\/IMG_20170730_003544-1.jpg?resize=1024%2C768&amp;ssl=1 1024w, https:\/\/i0.wp.com\/blogs.musikerohnegrenzen.de\/tobiasdieselhorst\/wp-content\/uploads\/sites\/10\/2017\/08\/IMG_20170730_003544-1.jpg?w=1600&amp;ssl=1 1600w, https:\/\/i0.wp.com\/blogs.musikerohnegrenzen.de\/tobiasdieselhorst\/wp-content\/uploads\/sites\/10\/2017\/08\/IMG_20170730_003544-1.jpg?w=2400&amp;ssl=1 2400w\" sizes=\"(max-width: 800px) 100vw, 800px\" data-recalc-dims=\"1\" \/><\/a><p class=\"wp-caption-text\">Tanz der \u201cQuincea\u00f1era\u201c auf dem 15. Geburtstag<\/p><\/div>\n<div style=\"width: 4170px\" class=\"wp-caption alignnone\"><a href=\"https:\/\/i1.wp.com\/blogs.musikerohnegrenzen.de\/tobiasdieselhorst\/wp-content\/uploads\/sites\/10\/2017\/08\/IMG_20170730_181957.jpg?ssl=1\"><img data-attachment-id=\"62\" data-permalink=\"https:\/\/blogs.musikerohnegrenzen.de\/tobiasdieselhorst\/sdr-2\/\" data-orig-file=\"https:\/\/i1.wp.com\/blogs.musikerohnegrenzen.de\/tobiasdieselhorst\/wp-content\/uploads\/sites\/10\/2017\/08\/IMG_20170730_181957.jpg?fit=4160%2C3120&amp;ssl=1\" data-orig-size=\"4160,3120\" data-comments-opened=\"1\" data-image-meta=\"{&quot;aperture&quot;:&quot;2&quot;,&quot;credit&quot;:&quot;&quot;,&quot;camera&quot;:&quot;HUAWEI VNS-L31&quot;,&quot;caption&quot;:&quot;sdr&quot;,&quot;created_timestamp&quot;:&quot;1501438800&quot;,&quot;copyright&quot;:&quot;&quot;,&quot;focal_length&quot;:&quot;3.79&quot;,&quot;iso&quot;:&quot;125&quot;,&quot;shutter_speed&quot;:&quot;0.03&quot;,&quot;title&quot;:&quot;sdr&quot;,&quot;orientation&quot;:&quot;0&quot;}\" data-image-title=\"sdr\" data-image-description=\"\" data-image-caption=\"&lt;p&gt;sdr&lt;\/p&gt;\n\" data-medium-file=\"https:\/\/i1.wp.com\/blogs.musikerohnegrenzen.de\/tobiasdieselhorst\/wp-content\/uploads\/sites\/10\/2017\/08\/IMG_20170730_181957.jpg?fit=300%2C225&amp;ssl=1\" data-large-file=\"https:\/\/i1.wp.com\/blogs.musikerohnegrenzen.de\/tobiasdieselhorst\/wp-content\/uploads\/sites\/10\/2017\/08\/IMG_20170730_181957.jpg?fit=800%2C600&amp;ssl=1\" loading=\"lazy\" width=\"800\" height=\"600\" title=\"\" class=\"size-full wp-image-62\" alt=\"\" src=\"https:\/\/i1.wp.com\/blogs.musikerohnegrenzen.de\/tobiasdieselhorst\/wp-content\/uploads\/sites\/10\/2017\/08\/IMG_20170730_181957.jpg?resize=800%2C600&#038;ssl=1\" srcset=\"https:\/\/i1.wp.com\/blogs.musikerohnegrenzen.de\/tobiasdieselhorst\/wp-content\/uploads\/sites\/10\/2017\/08\/IMG_20170730_181957.jpg?w=4160&amp;ssl=1 4160w, https:\/\/i1.wp.com\/blogs.musikerohnegrenzen.de\/tobiasdieselhorst\/wp-content\/uploads\/sites\/10\/2017\/08\/IMG_20170730_181957.jpg?resize=300%2C225&amp;ssl=1 300w, https:\/\/i1.wp.com\/blogs.musikerohnegrenzen.de\/tobiasdieselhorst\/wp-content\/uploads\/sites\/10\/2017\/08\/IMG_20170730_181957.jpg?resize=768%2C576&amp;ssl=1 768w, https:\/\/i1.wp.com\/blogs.musikerohnegrenzen.de\/tobiasdieselhorst\/wp-content\/uploads\/sites\/10\/2017\/08\/IMG_20170730_181957.jpg?resize=1024%2C768&amp;ssl=1 1024w, https:\/\/i1.wp.com\/blogs.musikerohnegrenzen.de\/tobiasdieselhorst\/wp-content\/uploads\/sites\/10\/2017\/08\/IMG_20170730_181957.jpg?w=1600&amp;ssl=1 1600w, https:\/\/i1.wp.com\/blogs.musikerohnegrenzen.de\/tobiasdieselhorst\/wp-content\/uploads\/sites\/10\/2017\/08\/IMG_20170730_181957.jpg?w=2400&amp;ssl=1 2400w\" sizes=\"(max-width: 800px) 100vw, 800px\" data-recalc-dims=\"1\" \/><\/a><p class=\"wp-caption-text\">Zu Besuch bei einer Sch\u00fclerin, die zwanzig Minuten Busfahrt von Playas entfernt am Meer lebtw<\/p><\/div>\n<div style=\"width: 4170px\" class=\"wp-caption alignnone\"><a href=\"https:\/\/i0.wp.com\/blogs.musikerohnegrenzen.de\/tobiasdieselhorst\/wp-content\/uploads\/sites\/10\/2017\/08\/IMG_20170730_152716.jpg?ssl=1\"><img data-attachment-id=\"64\" data-permalink=\"https:\/\/blogs.musikerohnegrenzen.de\/tobiasdieselhorst\/dav\/\" data-orig-file=\"https:\/\/i0.wp.com\/blogs.musikerohnegrenzen.de\/tobiasdieselhorst\/wp-content\/uploads\/sites\/10\/2017\/08\/IMG_20170730_152716.jpg?fit=4160%2C3120&amp;ssl=1\" data-orig-size=\"4160,3120\" data-comments-opened=\"1\" data-image-meta=\"{&quot;aperture&quot;:&quot;2&quot;,&quot;credit&quot;:&quot;&quot;,&quot;camera&quot;:&quot;HUAWEI VNS-L31&quot;,&quot;caption&quot;:&quot;dav&quot;,&quot;created_timestamp&quot;:&quot;1501428436&quot;,&quot;copyright&quot;:&quot;&quot;,&quot;focal_length&quot;:&quot;3.79&quot;,&quot;iso&quot;:&quot;50&quot;,&quot;shutter_speed&quot;:&quot;0.004058&quot;,&quot;title&quot;:&quot;dav&quot;,&quot;orientation&quot;:&quot;0&quot;}\" data-image-title=\"dav\" data-image-description=\"\" data-image-caption=\"&lt;p&gt;dav&lt;\/p&gt;\n\" data-medium-file=\"https:\/\/i0.wp.com\/blogs.musikerohnegrenzen.de\/tobiasdieselhorst\/wp-content\/uploads\/sites\/10\/2017\/08\/IMG_20170730_152716.jpg?fit=300%2C225&amp;ssl=1\" data-large-file=\"https:\/\/i0.wp.com\/blogs.musikerohnegrenzen.de\/tobiasdieselhorst\/wp-content\/uploads\/sites\/10\/2017\/08\/IMG_20170730_152716.jpg?fit=800%2C600&amp;ssl=1\" loading=\"lazy\" width=\"800\" height=\"600\" title=\"\" class=\"size-full wp-image-64\" alt=\"\" src=\"https:\/\/i0.wp.com\/blogs.musikerohnegrenzen.de\/tobiasdieselhorst\/wp-content\/uploads\/sites\/10\/2017\/08\/IMG_20170730_152716.jpg?resize=800%2C600&#038;ssl=1\" srcset=\"https:\/\/i0.wp.com\/blogs.musikerohnegrenzen.de\/tobiasdieselhorst\/wp-content\/uploads\/sites\/10\/2017\/08\/IMG_20170730_152716.jpg?w=4160&amp;ssl=1 4160w, https:\/\/i0.wp.com\/blogs.musikerohnegrenzen.de\/tobiasdieselhorst\/wp-content\/uploads\/sites\/10\/2017\/08\/IMG_20170730_152716.jpg?resize=300%2C225&amp;ssl=1 300w, https:\/\/i0.wp.com\/blogs.musikerohnegrenzen.de\/tobiasdieselhorst\/wp-content\/uploads\/sites\/10\/2017\/08\/IMG_20170730_152716.jpg?resize=768%2C576&amp;ssl=1 768w, https:\/\/i0.wp.com\/blogs.musikerohnegrenzen.de\/tobiasdieselhorst\/wp-content\/uploads\/sites\/10\/2017\/08\/IMG_20170730_152716.jpg?resize=1024%2C768&amp;ssl=1 1024w, https:\/\/i0.wp.com\/blogs.musikerohnegrenzen.de\/tobiasdieselhorst\/wp-content\/uploads\/sites\/10\/2017\/08\/IMG_20170730_152716.jpg?w=1600&amp;ssl=1 1600w, https:\/\/i0.wp.com\/blogs.musikerohnegrenzen.de\/tobiasdieselhorst\/wp-content\/uploads\/sites\/10\/2017\/08\/IMG_20170730_152716.jpg?w=2400&amp;ssl=1 2400w\" sizes=\"(max-width: 800px) 100vw, 800px\" data-recalc-dims=\"1\" \/><\/a><p class=\"wp-caption-text\">Mittagessen am Strand<\/p><\/div>\n<p>Ich bin dabei mich hier sehr gut einzuleben. Allerdings bin ich gespannt wie es wird, wenn Finn am Sonntag abreist, denn mit ihm geht auch ein Gro\u00dfteil unserer Sprachkenntnisse.<\/p>\n","protected":false},"excerpt":{"rendered":"<p>Nach ungef\u00e4hr 18 Stunden Reise bin ich am Donnerstag endlich in Guayaquil, Ecuador gelandet. Geflogen war ich von Hamburg \u00fcber Amsterdam und Quito, ab Amsterdam in Begleitung von Lisa, einer weiteren Freiwilligen f\u00fcr das Projekt in Playas. Am Flughafen wurden wir dann direkt mit \u201cMoG\u201c-, \u201cLisa\u201c- und \u201cTobi\u201c-Schildern empfangen, gehalten von Finn, der die letzten [&hellip;]<\/p>\n","protected":false},"author":12,"featured_media":65,"comment_status":"open","ping_status":"open","sticky":false,"template":"","format":"standard","meta":{"ngg_post_thumbnail":0,"spay_email":"","jetpack_publicize_message":"","jetpack_is_tweetstorm":false},"categories":[1,9,10],"tags":[],"jetpack_featured_media_url":"https:\/\/i0.wp.com\/blogs.musikerohnegrenzen.de\/tobiasdieselhorst\/wp-content\/uploads\/sites\/10\/2017\/08\/IMG_20170730_161742.jpg?fit=4160%2C3120&ssl=1","jetpack_publicize_connections":[],"jetpack_sharing_enabled":true,"jetpack_shortlink":"https:\/\/wp.me\/s922tK-ankunft","jetpack-related-posts":[{"id":167,"url":"https:\/\/blogs.musikerohnegrenzen.de\/tobiasdieselhorst\/2017\/10\/30\/fotos-nach-drei-monaten\/","url_meta":{"origin":67,"position":0},"title":"Fotos nach drei Monaten","date":"30. Oktober 2017","format":false,"excerpt":"Wieder einmal m\u00f6chte ich euch mit ein paar Fotos an meiner Zeit hier in Ecuador teilhaben lassen: Zum Abschluss noch ein paar Fotos von Playas:","rel":"","context":"In &quot;Allgemein&quot;","img":{"alt_text":"","src":"https:\/\/i0.wp.com\/blogs.musikerohnegrenzen.de\/tobiasdieselhorst\/wp-content\/uploads\/sites\/10\/2017\/10\/P1040108.jpg?fit=1200%2C900&ssl=1&resize=350%2C200","width":350,"height":200},"classes":[]},{"id":192,"url":"https:\/\/blogs.musikerohnegrenzen.de\/tobiasdieselhorst\/2018\/01\/15\/ein-halbes-jahr-in-ecuador\/","url_meta":{"origin":67,"position":1},"title":"Ein halbes Jahr in Ecuador","date":"15. Januar 2018","format":false,"excerpt":"Ich lebe noch! Sehr gut sogar - dazu aber gleich mehr... In den letzten Monaten habe ich diesen Blog etwas vernachl\u00e4ssigt. Diese Zeit nun an dieser Stelle in kurzer Form zusammenzufassen ist nur schwer m\u00f6glich. Dennoch m\u00f6chte ich ein bisschen allgemein \u00fcber die Zeit, die ich bis jetzt in Ecuador\u2026","rel":"","context":"In &quot;Allgemein&quot;","img":{"alt_text":"Screenshot (73)","src":"https:\/\/i0.wp.com\/blogs.musikerohnegrenzen.de\/tobiasdieselhorst\/wp-content\/uploads\/sites\/10\/2018\/01\/Screenshot-73.png?resize=350%2C200&ssl=1","width":350,"height":200},"classes":[]},{"id":457,"url":"https:\/\/blogs.musikerohnegrenzen.de\/tobiasdieselhorst\/2018\/05\/30\/glueck\/","url_meta":{"origin":67,"position":2},"title":"Gl\u00fcck","date":"30. Mai 2018","format":false,"excerpt":"WARNUNG: Folgender, etwas kitschig geratener Text enth\u00e4lt 18 mal das Wort \"Gl\u00fcck\" bzw. \"gl\u00fccklich\". Das Wort Gl\u00fcck hat im Deutschen zwei unterschiedliche Bedeutungen. Laut Duden steht es zum Einen f\u00fcr eine \u201cg\u00fcnstige F\u00fcgung des Schicksals\u201c, zum Anderen aber auch f\u00fcr den \u201cZustand der inneren Befriedigung und Hochstimmung\u201c. W\u00e4hrend sich im\u2026","rel":"","context":"In &quot;Allgemein&quot;","img":{"alt_text":"","src":"","width":0,"height":0},"classes":[]},{"id":128,"url":"https:\/\/blogs.musikerohnegrenzen.de\/tobiasdieselhorst\/2017\/09\/30\/ola-sinfonica\/","url_meta":{"origin":67,"position":3},"title":"Ola Sinf\u00f3nica","date":"30. September 2017","format":false,"excerpt":"Nach nun gut zwei Monaten hier in Playas ist es an der Zeit das Projekt vorzustellen, das hier einen Gro\u00dfteil meiner Zeit in Anspruch nimmt und das auch den Grund f\u00fcr meinen Aufenthalt darstellt. Das Projekt \"Ola Sinf\u00f3nica\" (auf Deutsch Sinfonische Welle) wurde 2012 gegr\u00fcndet. Es war damals das zweite\u2026","rel":"","context":"In &quot;Projekt&quot;","img":{"alt_text":"","src":"https:\/\/i0.wp.com\/blogs.musikerohnegrenzen.de\/tobiasdieselhorst\/wp-content\/uploads\/sites\/10\/2017\/09\/FB_IMG_15067911686902572-3.jpg?fit=1200%2C839&ssl=1&resize=350%2C200","width":350,"height":200},"classes":[]},{"id":52,"url":"https:\/\/blogs.musikerohnegrenzen.de\/tobiasdieselhorst\/2017\/07\/23\/vorwort\/","url_meta":{"origin":67,"position":4},"title":"Vorwort","date":"23. Juli 2017","format":false,"excerpt":"Nach dem Abitur ein so genanntes \"Gap Year\" zu machen ist geradezu \u00fcblich geworden. Warum auch nicht, schlie\u00dflich gibt es kaum einen Zeitpunkt im sp\u00e4teren Leben, an dem man so befreit sein bisheriges Leben hinter sich lassen, und \u00fcber einen l\u00e4ngeren Zeitraum etwas v\u00f6llig neues machen kann. Diese Chance ebenfalls\u00a0zu\u2026","rel":"","context":"In &quot;Allgemein&quot;","img":{"alt_text":"","src":"","width":0,"height":0},"classes":[]},{"id":74,"url":"https:\/\/blogs.musikerohnegrenzen.de\/tobiasdieselhorst\/2017\/08\/10\/leben-in-der-gastfamilie\/","url_meta":{"origin":67,"position":5},"title":"Meine Gastfamilie","date":"10. August 2017","format":false,"excerpt":"Seit knapp zwei Wochen lebe ich nun bei meiner ecuadorianischen Gastfamilie. Wie im letzten Beitrag bereits erw\u00e4hnt habe ich insgesamt f\u00fcnf Gastgeschwister, von denen aber nur die J\u00fcngste, Allison, dauerhaft zuhause lebt. Zwei meiner Gastgeschwister, Gabriela und Stalin, studieren in Guayaquil Psychologie und sind nur von Freitag bzw. Samstag bis\u2026","rel":"","context":"In &quot;Gastfamilie&quot;","img":{"alt_text":"","src":"https:\/\/i2.wp.com\/blogs.musikerohnegrenzen.de\/tobiasdieselhorst\/wp-content\/uploads\/sites\/10\/2017\/08\/P1030969.jpg?fit=1200%2C900&ssl=1&resize=350%2C200","width":350,"height":200},"classes":[]}],"_links":{"self":[{"href":"https:\/\/blogs.musikerohnegrenzen.de\/tobiasdieselhorst\/wp-json\/wp\/v2\/posts\/67"}],"collection":[{"href":"https:\/\/blogs.musikerohnegrenzen.de\/tobiasdieselhorst\/wp-json\/wp\/v2\/posts"}],"about":[{"href":"https:\/\/blogs.musikerohnegrenzen.de\/tobiasdieselhorst\/wp-json\/wp\/v2\/types\/post"}],"author":[{"embeddable":true,"href":"https:\/\/blogs.musikerohnegrenzen.de\/tobiasdieselhorst\/wp-json\/wp\/v2\/users\/12"}],"replies":[{"embeddable":true,"href":"https:\/\/blogs.musikerohnegrenzen.de\/tobiasdieselhorst\/wp-json\/wp\/v2\/comments?post=67"}],"version-history":[{"count":4,"href":"https:\/\/blogs.musikerohnegrenzen.de\/tobiasdieselhorst\/wp-json\/wp\/v2\/posts\/67\/revisions"}],"predecessor-version":[{"id":127,"href":"https:\/\/blogs.musikerohnegrenzen.de\/tobiasdieselhorst\/wp-json\/wp\/v2\/posts\/67\/revisions\/127"}],"wp:featuredmedia":[{"embeddable":true,"href":"https:\/\/blogs.musikerohnegrenzen.de\/tobiasdieselhorst\/wp-json\/wp\/v2\/media\/65"}],"wp:attachment":[{"href":"https:\/\/blogs.musikerohnegrenzen.de\/tobiasdieselhorst\/wp-json\/wp\/v2\/media?parent=67"}],"wp:term":[{"taxonomy":"category","embeddable":true,"href":"https:\/\/blogs.musikerohnegrenzen.de\/tobiasdieselhorst\/wp-json\/wp\/v2\/categories?post=67"},{"taxonomy":"post_tag","embeddable":true,"href":"https:\/\/blogs.musikerohnegrenzen.de\/tobiasdieselhorst\/wp-json\/wp\/v2\/tags?post=67"}],"curies":[{"name":"wp","href":"https:\/\/api.w.org\/{rel}","templated":true}]}}