{"id":735,"date":"2016-03-26T13:24:46","date_gmt":"2016-03-26T11:24:46","guid":{"rendered":"http:\/\/naomiinecuador.musikerohnegrenzen.de\/?p=735"},"modified":"2016-03-26T13:24:46","modified_gmt":"2016-03-26T11:24:46","slug":"ostern-am-strand","status":"publish","type":"post","link":"https:\/\/blogs.musikerohnegrenzen.de\/naomimebus\/2016\/03\/26\/ostern-am-strand\/","title":{"rendered":"Ostern am Strand"},"content":{"rendered":"<p>Ostern kam und ich hatte Daniel so sehr darum gebeten, mit mir an den Strand zu fahren. Nat\u00fcrlich wusste er, dass ich in Deutschland mindestens acht Stunden bis zum n\u00e4chsten Meer fahren muss und konnte mir meine Bitte nicht abschlagen. Aber zuvor hatte Gary uns versprochen uns mit auf die Isla Santay zu nehmen, eine Insel im Herzen Guayaquils, die im Gegensatz zu der Stadt ein nat\u00fcrliches Naturreservat ist. Gary, Sara, Anita, Daniel und ich machten uns auf den Weg dorthin. Und weil man auf dieser Insel wirklich viel laufen muss, um alles zu sehen, mieteten wir uns Fahrr\u00e4der. Das war sehr lustig, denn im Guasmo fahren meine Freunde sehr selten mit dem Fahrrad und dementsprechend waren sie bei der ganzen Sache super motiviert. Nach unserer kleinen Radtour trafen wir Garys Familie, die uns zum Fenestra essen einladen wollten. Fenestra ist das typische Osteressen in Ecuador. Eine Art Suppe aus verschiedenen K\u00f6rnern und H\u00fclsenfr\u00fcchten. Ich fand, dass es abscheulich schmeckte.<\/p>\n<div id=\"attachment_766\" style=\"width: 339px\" class=\"wp-caption alignleft\"><a href=\"https:\/\/i1.wp.com\/blogs.musikerohnegrenzen.de\/naomimebus\/wp-content\/uploads\/sites\/4\/2016\/09\/IMG_4161.jpg?ssl=1\"><img aria-describedby=\"caption-attachment-766\" data-attachment-id=\"766\" data-permalink=\"https:\/\/blogs.musikerohnegrenzen.de\/naomimebus\/2016\/03\/26\/ostern-am-strand\/img_4161\/\" data-orig-file=\"https:\/\/i1.wp.com\/blogs.musikerohnegrenzen.de\/naomimebus\/wp-content\/uploads\/sites\/4\/2016\/09\/IMG_4161.jpg?fit=2592%2C1936&amp;ssl=1\" data-orig-size=\"2592,1936\" data-comments-opened=\"1\" data-image-meta=\"{&quot;aperture&quot;:&quot;2.8&quot;,&quot;credit&quot;:&quot;&quot;,&quot;camera&quot;:&quot;iPhone 4&quot;,&quot;caption&quot;:&quot;&quot;,&quot;created_timestamp&quot;:&quot;1458926968&quot;,&quot;copyright&quot;:&quot;&quot;,&quot;focal_length&quot;:&quot;3.85&quot;,&quot;iso&quot;:&quot;80&quot;,&quot;shutter_speed&quot;:&quot;0.00232018561485&quot;,&quot;title&quot;:&quot;&quot;,&quot;orientation&quot;:&quot;1&quot;}\" data-image-title=\"IMG_4161\" data-image-description=\"\" data-image-caption=\"\" data-medium-file=\"https:\/\/i1.wp.com\/blogs.musikerohnegrenzen.de\/naomimebus\/wp-content\/uploads\/sites\/4\/2016\/09\/IMG_4161.jpg?fit=300%2C224&amp;ssl=1\" data-large-file=\"https:\/\/i1.wp.com\/blogs.musikerohnegrenzen.de\/naomimebus\/wp-content\/uploads\/sites\/4\/2016\/09\/IMG_4161.jpg?fit=1024%2C765&amp;ssl=1\" loading=\"lazy\" class=\"wp-image-766\" src=\"https:\/\/i1.wp.com\/blogs.musikerohnegrenzen.de\/naomimebus\/wp-content\/uploads\/sites\/4\/2016\/09\/IMG_4161.jpg?resize=329%2C246&#038;ssl=1\" alt=\"IMG_4161\" height=\"246\" width=\"329\" srcset=\"https:\/\/i1.wp.com\/blogs.musikerohnegrenzen.de\/naomimebus\/wp-content\/uploads\/sites\/4\/2016\/09\/IMG_4161.jpg?resize=300%2C224&amp;ssl=1 300w, https:\/\/i1.wp.com\/blogs.musikerohnegrenzen.de\/naomimebus\/wp-content\/uploads\/sites\/4\/2016\/09\/IMG_4161.jpg?resize=768%2C574&amp;ssl=1 768w, https:\/\/i1.wp.com\/blogs.musikerohnegrenzen.de\/naomimebus\/wp-content\/uploads\/sites\/4\/2016\/09\/IMG_4161.jpg?resize=1024%2C765&amp;ssl=1 1024w, https:\/\/i1.wp.com\/blogs.musikerohnegrenzen.de\/naomimebus\/wp-content\/uploads\/sites\/4\/2016\/09\/IMG_4161.jpg?w=2360&amp;ssl=1 2360w\" sizes=\"(max-width: 329px) 100vw, 329px\" data-recalc-dims=\"1\" \/><\/a><p id=\"caption-attachment-766\" class=\"wp-caption-text\">Auf der Isla Santay<\/p><\/div>\n<p><a href=\"https:\/\/i1.wp.com\/blogs.musikerohnegrenzen.de\/naomimebus\/wp-content\/uploads\/sites\/4\/2016\/09\/IMG_4132.jpg?ssl=1\"><img data-attachment-id=\"765\" data-permalink=\"https:\/\/blogs.musikerohnegrenzen.de\/naomimebus\/2016\/03\/26\/ostern-am-strand\/img_4132\/\" data-orig-file=\"https:\/\/i1.wp.com\/blogs.musikerohnegrenzen.de\/naomimebus\/wp-content\/uploads\/sites\/4\/2016\/09\/IMG_4132.jpg?fit=2592%2C1936&amp;ssl=1\" data-orig-size=\"2592,1936\" data-comments-opened=\"1\" data-image-meta=\"{&quot;aperture&quot;:&quot;2.8&quot;,&quot;credit&quot;:&quot;&quot;,&quot;camera&quot;:&quot;iPhone 4&quot;,&quot;caption&quot;:&quot;&quot;,&quot;created_timestamp&quot;:&quot;1458922940&quot;,&quot;copyright&quot;:&quot;&quot;,&quot;focal_length&quot;:&quot;3.85&quot;,&quot;iso&quot;:&quot;80&quot;,&quot;shutter_speed&quot;:&quot;0.00053050397878&quot;,&quot;title&quot;:&quot;&quot;,&quot;orientation&quot;:&quot;1&quot;}\" data-image-title=\"IMG_4132\" data-image-description=\"\" data-image-caption=\"\" data-medium-file=\"https:\/\/i1.wp.com\/blogs.musikerohnegrenzen.de\/naomimebus\/wp-content\/uploads\/sites\/4\/2016\/09\/IMG_4132.jpg?fit=300%2C224&amp;ssl=1\" data-large-file=\"https:\/\/i1.wp.com\/blogs.musikerohnegrenzen.de\/naomimebus\/wp-content\/uploads\/sites\/4\/2016\/09\/IMG_4132.jpg?fit=1024%2C765&amp;ssl=1\" loading=\"lazy\" class=\"wp-image-765 alignright\" src=\"https:\/\/i1.wp.com\/blogs.musikerohnegrenzen.de\/naomimebus\/wp-content\/uploads\/sites\/4\/2016\/09\/IMG_4132.jpg?resize=328%2C245&#038;ssl=1\" alt=\"IMG_4132\" height=\"245\" width=\"328\" srcset=\"https:\/\/i1.wp.com\/blogs.musikerohnegrenzen.de\/naomimebus\/wp-content\/uploads\/sites\/4\/2016\/09\/IMG_4132.jpg?resize=300%2C224&amp;ssl=1 300w, https:\/\/i1.wp.com\/blogs.musikerohnegrenzen.de\/naomimebus\/wp-content\/uploads\/sites\/4\/2016\/09\/IMG_4132.jpg?resize=768%2C574&amp;ssl=1 768w, https:\/\/i1.wp.com\/blogs.musikerohnegrenzen.de\/naomimebus\/wp-content\/uploads\/sites\/4\/2016\/09\/IMG_4132.jpg?resize=1024%2C765&amp;ssl=1 1024w, https:\/\/i1.wp.com\/blogs.musikerohnegrenzen.de\/naomimebus\/wp-content\/uploads\/sites\/4\/2016\/09\/IMG_4132.jpg?w=2360&amp;ssl=1 2360w\" sizes=\"(max-width: 328px) 100vw, 328px\" data-recalc-dims=\"1\" \/><\/a><\/p>\n<p>&nbsp;<\/p>\n<p>&nbsp;<\/p>\n<p>&nbsp;<\/p>\n<p>&nbsp;<\/p>\n<p>Wir nahmen den Bus nach Playas und gingen zum Haus der Se<span class=\"st\">\u00f1<\/span>ora Pilar, die sich \u00fcbrigens riesig \u00fcber unseren Besuch freute. Am n\u00e4chsten Tag fuhren wir nach dem Fr\u00fchst\u00fcck, an einen Strand, der etwas au\u00dferhalb lag, daf\u00fcr aber viel sch\u00f6ner und menschenleerer war. Auch dort war ich schon einmal gewesen und erinnerte mich lachend daran, wie das Auto meines Gastbruders damals im Sand stecken geblieben war. Bis zum Nachmittag blieben wir am Strand. Die Wellen waren hoch und viel zu stark, als dass ich weiter als bis zum Bauch ins Wasser gegangen w\u00e4re, aber der Strand war wundersch\u00f6n. Als wir wieder ins Haus der Se<span class=\"st\">\u00f1<\/span>ora Pilar eintrudelten, hatte ich einen furchtbaren Sonnenbrand. Aber der Abend kam und die Sonne verschwand am Horizont. Wir streiften durch Playas, die Stadt war voller Menschen, die eine Osterprozession vollf\u00fchrten. Daniel kaufte mir Zuckerwatte und Rosen und wir verbrachten den Abend am Strand, bis es sp\u00e4t wurde. Dann schliefen wir alle gemeinsam auf dem Wohnzimmerboden. Am n\u00e4chsten Tag waren wir sehr m\u00fcde. Wir schleppten uns ein letztes Mal an den Strad, in der Hoffnung ein kleines Bad im Meer k\u00f6nne uns vielleicht aufwecken. Dann nahmen wir den Bus zur\u00fcck nach Guayaquil.<\/p>\n<p><a href=\"https:\/\/i2.wp.com\/blogs.musikerohnegrenzen.de\/naomimebus\/wp-content\/uploads\/sites\/4\/2016\/09\/IMG_4209.jpg?ssl=1\"><img data-attachment-id=\"764\" data-permalink=\"https:\/\/blogs.musikerohnegrenzen.de\/naomimebus\/2016\/03\/26\/ostern-am-strand\/img_4209\/\" data-orig-file=\"https:\/\/i2.wp.com\/blogs.musikerohnegrenzen.de\/naomimebus\/wp-content\/uploads\/sites\/4\/2016\/09\/IMG_4209.jpg?fit=2592%2C1936&amp;ssl=1\" data-orig-size=\"2592,1936\" data-comments-opened=\"1\" data-image-meta=\"{&quot;aperture&quot;:&quot;2.8&quot;,&quot;credit&quot;:&quot;&quot;,&quot;camera&quot;:&quot;iPhone 4&quot;,&quot;caption&quot;:&quot;&quot;,&quot;created_timestamp&quot;:&quot;1459027642&quot;,&quot;copyright&quot;:&quot;&quot;,&quot;focal_length&quot;:&quot;3.85&quot;,&quot;iso&quot;:&quot;80&quot;,&quot;shutter_speed&quot;:&quot;0.000497265042268&quot;,&quot;title&quot;:&quot;&quot;,&quot;orientation&quot;:&quot;1&quot;}\" data-image-title=\"IMG_4209\" data-image-description=\"\" data-image-caption=\"\" data-medium-file=\"https:\/\/i2.wp.com\/blogs.musikerohnegrenzen.de\/naomimebus\/wp-content\/uploads\/sites\/4\/2016\/09\/IMG_4209.jpg?fit=300%2C224&amp;ssl=1\" data-large-file=\"https:\/\/i2.wp.com\/blogs.musikerohnegrenzen.de\/naomimebus\/wp-content\/uploads\/sites\/4\/2016\/09\/IMG_4209.jpg?fit=1024%2C765&amp;ssl=1\" loading=\"lazy\" class=\"alignnone wp-image-764\" src=\"https:\/\/i2.wp.com\/blogs.musikerohnegrenzen.de\/naomimebus\/wp-content\/uploads\/sites\/4\/2016\/09\/IMG_4209.jpg?resize=543%2C405&#038;ssl=1\" alt=\"IMG_4209\" height=\"405\" width=\"543\" srcset=\"https:\/\/i2.wp.com\/blogs.musikerohnegrenzen.de\/naomimebus\/wp-content\/uploads\/sites\/4\/2016\/09\/IMG_4209.jpg?resize=300%2C224&amp;ssl=1 300w, https:\/\/i2.wp.com\/blogs.musikerohnegrenzen.de\/naomimebus\/wp-content\/uploads\/sites\/4\/2016\/09\/IMG_4209.jpg?resize=768%2C574&amp;ssl=1 768w, https:\/\/i2.wp.com\/blogs.musikerohnegrenzen.de\/naomimebus\/wp-content\/uploads\/sites\/4\/2016\/09\/IMG_4209.jpg?resize=1024%2C765&amp;ssl=1 1024w, https:\/\/i2.wp.com\/blogs.musikerohnegrenzen.de\/naomimebus\/wp-content\/uploads\/sites\/4\/2016\/09\/IMG_4209.jpg?w=2360&amp;ssl=1 2360w\" sizes=\"(max-width: 543px) 100vw, 543px\" data-recalc-dims=\"1\" \/><\/a><\/p>\n","protected":false},"excerpt":{"rendered":"<p>Ostern kam und ich hatte Daniel so sehr darum gebeten, mit mir an den Strand zu fahren. Nat\u00fcrlich wusste er, dass ich in Deutschland mindestens acht Stunden bis zum n\u00e4chsten Meer fahren muss und konnte mir meine Bitte nicht abschlagen. Aber zuvor hatte Gary uns versprochen uns mit auf die Isla Santay zu nehmen, eine [&hellip;]<\/p>\n","protected":false},"author":4,"featured_media":768,"comment_status":"open","ping_status":"open","sticky":false,"template":"","format":"standard","meta":{"ngg_post_thumbnail":0,"spay_email":""},"categories":[4],"tags":[],"jetpack_featured_media_url":"https:\/\/i2.wp.com\/blogs.musikerohnegrenzen.de\/naomimebus\/wp-content\/uploads\/sites\/4\/2016\/09\/IMG_4198.jpg?fit=2592%2C1936&ssl=1","jetpack_shortlink":"https:\/\/wp.me\/p905Jg-bR","jetpack-related-posts":[{"id":115,"url":"https:\/\/blogs.musikerohnegrenzen.de\/naomimebus\/2015\/01\/10\/10-11-januar-mit-17-dollar-nach-montanita-und-zurueck\/","url_meta":{"origin":735,"position":0},"title":"Mit 17 Dollar nach Monta\u00f1ita und zur\u00fcck","date":"10. Januar 2015","format":false,"excerpt":"Trifft man auf Reisen, oder sogar in Guayaquil auf einen Ecuadorianer, kommt mit ihm ins Gespr\u00e4ch und redet so \u00fcber dies und das, was man bereits in Ecuador erlebt hat; so wird man bestimmt gefragt, ob du man schon in Monta\u00f1ita war. Verneint man, so wird einem ein Ausflug dorthin\u2026","rel":"","context":"In &quot;2015&quot;","img":{"alt_text":"","src":"https:\/\/i1.wp.com\/blogs.musikerohnegrenzen.de\/naomimebus\/wp-content\/uploads\/sites\/4\/2015\/02\/DSCF7607.jpg?fit=1200%2C900&ssl=1&resize=350%2C200","width":350,"height":200},"classes":[]},{"id":162,"url":"https:\/\/blogs.musikerohnegrenzen.de\/naomimebus\/2015\/04\/06\/die-sache-mit-dem-visum\/","url_meta":{"origin":735,"position":1},"title":"Die Sache mit dem Visum","date":"6. April 2015","format":false,"excerpt":"F\u00fcr all diejenigen, die sich dazu entschlie\u00dfen f\u00fcr l\u00e4ngere Zeit nach Ecuador zu gehen, kann ich folgenden wichtigen Hinweis geben: Holt euch euer Visum lieber f\u00fcr eine l\u00e4ngere Zeitspanne, als ihr eueren Aufenthalt plant! Angenommen n\u00e4mlich, ihr stellt nach einem halben Jahr fest, dass ihr definitiv noch nicht zur\u00fcck nach\u2026","rel":"","context":"In &quot;2015&quot;","img":{"alt_text":"","src":"https:\/\/i0.wp.com\/blogs.musikerohnegrenzen.de\/naomimebus\/wp-content\/uploads\/sites\/4\/2015\/04\/3534.jpg?fit=960%2C720&ssl=1&resize=350%2C200","width":350,"height":200},"classes":[]},{"id":212,"url":"https:\/\/blogs.musikerohnegrenzen.de\/naomimebus\/2015\/08\/08\/8-9-august-zwisce-schwimmbad-abschied-und-sozialem-essen\/","url_meta":{"origin":735,"position":2},"title":"Zwischen Schwimmbad, Abschied und sozialem Essen","date":"8. August 2015","format":false,"excerpt":"Der 8. August war der Samstag nach unserem Jubil\u00e4umskonzert. Manche Jungs feierten in ebendieser Nacht auf den Samstag bis um neun Uhr abends. Und wenn man in Ecuador bis in die Morgenstunden hineinfeiert ist es ein Muss, Encebollado Essen zu gehen. Das ist eine Art Fischsuppe, mit Limone, Yuka, Verde,\u2026","rel":"","context":"In &quot;2015&quot;","img":{"alt_text":"","src":"https:\/\/i2.wp.com\/blogs.musikerohnegrenzen.de\/naomimebus\/wp-content\/uploads\/sites\/4\/2015\/09\/IMG_2812.jpg?fit=1152%2C682&ssl=1&resize=350%2C200","width":350,"height":200},"classes":[]},{"id":91,"url":"https:\/\/blogs.musikerohnegrenzen.de\/naomimebus\/2014\/11\/26\/26-november-am-hoechsten-punkt-der-erde\/","url_meta":{"origin":735,"position":3},"title":"Am h\u00f6chsten Punkt der Erde","date":"26. November 2014","format":false,"excerpt":"Alle wissen sicherlich, dass der h\u00f6chste Berg der Erde der Mount Everest ist. Was aber bestimmt viele nicht wissen ist, dass die Spitze des Mount Everest nicht der h\u00f6chste Punkt der Erde ist. Auf Grund der geografischen Lage befindet sich dieser Punkt n\u00e4mlich nicht im Himalaya, sondern in den Anden,\u2026","rel":"","context":"In &quot;2014&quot;","img":{"alt_text":"","src":"https:\/\/i2.wp.com\/blogs.musikerohnegrenzen.de\/naomimebus\/wp-content\/uploads\/sites\/4\/2014\/12\/P1050738.jpg?fit=1200%2C675&ssl=1&resize=350%2C200","width":350,"height":200},"classes":[]},{"id":95,"url":"https:\/\/blogs.musikerohnegrenzen.de\/naomimebus\/2014\/11\/28\/28-29-november-ein-cui-zum-abschluss\/","url_meta":{"origin":735,"position":4},"title":"Ein Cui zum Abschluss","date":"28. November 2014","format":false,"excerpt":"Am Freitag wollten wir eigentlich im Cajas (ein Nationalpark ca. Eine Stunde von Cuenca entfernt) wandern gehen, aber Alban und ich f\u00fchlten uns nicht so fit und beschlossen daher im Hostel zu bleiben. Samuel zog schlie\u00dflich alleine los und kam mit wundersch\u00f6nen Fotos zur\u00fcck, die die Zur\u00fcckgebliebenen sehr neidisch machten.\u2026","rel":"","context":"In &quot;2014&quot;","img":{"alt_text":"","src":"https:\/\/i2.wp.com\/blogs.musikerohnegrenzen.de\/naomimebus\/wp-content\/uploads\/sites\/4\/2014\/12\/DSCF7331.jpg?fit=1200%2C900&ssl=1&resize=350%2C200","width":350,"height":200},"classes":[]},{"id":733,"url":"https:\/\/blogs.musikerohnegrenzen.de\/naomimebus\/2016\/03\/20\/aufwachen-im-paradies\/","url_meta":{"origin":735,"position":5},"title":"Aufwachen im Paradies","date":"20. M\u00e4rz 2016","format":false,"excerpt":"Kakaoplantagen, Orangenb\u00e4ume, hei\u00dfe Quellen und rei\u00dfende Fl\u00fcsse. Das findet man, wenn man den Gro\u00dfraum Guayaquils verl\u00e4sst und aufs Land f\u00e4hrt. Shagal ist ein kleines Dorf, das mit dem Bus von Guayaquil in etwa vier Stunden zu erreichen ist. Allerdings muss man das letzte St\u00fcck mit dem Pick Up fahren, da\u2026","rel":"","context":"In &quot;2016&quot;","img":{"alt_text":"","src":"https:\/\/i0.wp.com\/blogs.musikerohnegrenzen.de\/naomimebus\/wp-content\/uploads\/sites\/4\/2016\/09\/IMG_4073.jpg?fit=1200%2C896&ssl=1&resize=350%2C200","width":350,"height":200},"classes":[]}],"jetpack_likes_enabled":true,"_links":{"self":[{"href":"https:\/\/blogs.musikerohnegrenzen.de\/naomimebus\/wp-json\/wp\/v2\/posts\/735"}],"collection":[{"href":"https:\/\/blogs.musikerohnegrenzen.de\/naomimebus\/wp-json\/wp\/v2\/posts"}],"about":[{"href":"https:\/\/blogs.musikerohnegrenzen.de\/naomimebus\/wp-json\/wp\/v2\/types\/post"}],"author":[{"embeddable":true,"href":"https:\/\/blogs.musikerohnegrenzen.de\/naomimebus\/wp-json\/wp\/v2\/users\/4"}],"replies":[{"embeddable":true,"href":"https:\/\/blogs.musikerohnegrenzen.de\/naomimebus\/wp-json\/wp\/v2\/comments?post=735"}],"version-history":[{"count":0,"href":"https:\/\/blogs.musikerohnegrenzen.de\/naomimebus\/wp-json\/wp\/v2\/posts\/735\/revisions"}],"wp:featuredmedia":[{"embeddable":true,"href":"https:\/\/blogs.musikerohnegrenzen.de\/naomimebus\/wp-json\/wp\/v2\/media\/768"}],"wp:attachment":[{"href":"https:\/\/blogs.musikerohnegrenzen.de\/naomimebus\/wp-json\/wp\/v2\/media?parent=735"}],"wp:term":[{"taxonomy":"category","embeddable":true,"href":"https:\/\/blogs.musikerohnegrenzen.de\/naomimebus\/wp-json\/wp\/v2\/categories?post=735"},{"taxonomy":"post_tag","embeddable":true,"href":"https:\/\/blogs.musikerohnegrenzen.de\/naomimebus\/wp-json\/wp\/v2\/tags?post=735"}],"curies":[{"name":"wp","href":"https:\/\/api.w.org\/{rel}","templated":true}]}}