{"id":1342,"date":"2017-08-26T23:56:54","date_gmt":"2017-08-26T21:56:54","guid":{"rendered":"https:\/\/blogs.musikerohnegrenzen.de\/naomimebus\/?p=1342"},"modified":"2017-10-13T18:43:53","modified_gmt":"2017-10-13T16:43:53","slug":"cusco","status":"publish","type":"post","link":"https:\/\/blogs.musikerohnegrenzen.de\/naomimebus\/2017\/08\/26\/cusco\/","title":{"rendered":"Cusco"},"content":{"rendered":"<p>In Quichua Qosq\u2019o, der Nabel der Welt genannt, liegt die Stadt genau im Zentrum des ehemaligen Inkareichs, das sich von Kolumbien, bis in den S\u00fcden Chiles \u00fcber tausende von Kilometer erstreckte. Nach einer etwa 30-st\u00fcndigen Busreise, mit Zwischenstopp am Terminal in Lima, kommen wir am 26. August gegen Nachmittag an. Alles an uns f\u00fchlt sich m\u00fcde und schmutzig an. Zum Gl\u00fcck gibt es im Hostel warmes Wasser. Cusco liegt auf etwa 3.400 H\u00f6henmeter und wir wohnen im K\u00fcnstlerviertel San Blas, was bedeutet, dass wir vom Zentrum aus noch viele Stufen den Berg hochsteigen m\u00fcssen. Das Atmen f\u00e4llt schwer. Wir haben Hunger und stellen sofort fest, dass auch die Preise deutlich h\u00f6her sind, als in den Gegenden, in denen wir zuvor unterwegs waren. Auf dem Markt in San Blas kann man abseits der Touristen dennoch f\u00fcr 5 Soles ziemlich g\u00fcnstig essen. Auf der Plaza San Blas findet gerade ein Fest mit traditionellen T\u00e4nzen, Musik und Kunsthandwerkst\u00e4nden statt. Wir sehen eine Weile zu, fl\u00fcchten uns aber mit zunehmender K\u00e4lte in das, trotzdem nicht viel w\u00e4rmere Hostel.<\/p>\n<div class=\"tiled-gallery type-square tiled-gallery-unresized\" data-original-width=\"1180\" data-carousel-extra='{&quot;blog_id&quot;:4,&quot;permalink&quot;:&quot;https:\\\/\\\/blogs.musikerohnegrenzen.de\\\/naomimebus\\\/2017\\\/08\\\/26\\\/cusco\\\/&quot;,&quot;likes_blog_id&quot;:133009050}' itemscope itemtype=\"http:\/\/schema.org\/ImageGallery\" > <div class=\"gallery-row\" style=\"width: 1180px; height: 590px;\" data-original-width=\"1180\" data-original-height=\"590\" > <div class=\"gallery-group\" style=\"width: 590px; height: 590px;\" data-original-width=\"590\" data-original-height=\"590\" > <div class=\"tiled-gallery-item \" itemprop=\"associatedMedia\" itemscope itemtype=\"http:\/\/schema.org\/ImageObject\"> <meta itemprop=\"width\" content=\"586\"> <meta itemprop=\"height\" content=\"586\"> <img data-attachment-id=\"1343\" data-orig-file=\"https:\/\/blogs.musikerohnegrenzen.de\/naomimebus\/wp-content\/uploads\/sites\/4\/2017\/09\/DSC01167.jpg\" data-orig-size=\"5184,3888\" data-comments-opened=\"1\" data-image-meta=\"{&quot;aperture&quot;:&quot;5&quot;,&quot;credit&quot;:&quot;&quot;,&quot;camera&quot;:&quot;DSC-HX60&quot;,&quot;caption&quot;:&quot;&quot;,&quot;created_timestamp&quot;:&quot;1503789322&quot;,&quot;copyright&quot;:&quot;&quot;,&quot;focal_length&quot;:&quot;12.05&quot;,&quot;iso&quot;:&quot;200&quot;,&quot;shutter_speed&quot;:&quot;0.0125&quot;,&quot;title&quot;:&quot;&quot;,&quot;orientation&quot;:&quot;1&quot;}\" data-image-title=\"DSC01167\" data-image-description=\"\" data-medium-file=\"https:\/\/i1.wp.com\/blogs.musikerohnegrenzen.de\/naomimebus\/wp-content\/uploads\/sites\/4\/2017\/09\/DSC01167.jpg?fit=300%2C225&#038;ssl=1\" data-large-file=\"https:\/\/i1.wp.com\/blogs.musikerohnegrenzen.de\/naomimebus\/wp-content\/uploads\/sites\/4\/2017\/09\/DSC01167.jpg?fit=1024%2C768&#038;ssl=1\" src=\"https:\/\/i1.wp.com\/blogs.musikerohnegrenzen.de\/naomimebus\/wp-content\/uploads\/sites\/4\/2017\/09\/DSC01167.jpg?w=586&#038;h=586&#038;crop=1&#038;ssl=1\" width=\"586\" height=\"586\" data-original-width=\"586\" data-original-height=\"586\" itemprop=\"http:\/\/schema.org\/image\" title=\"DSC01167\" alt=\"Feierlichkeiten auf dem Platz von San Blas\" style=\"width: 586px; height: 586px;\" \/> <div class=\"tiled-gallery-caption\" itemprop=\"caption description\"> Feierlichkeiten auf dem Platz von San Blas <\/div> <\/div> <\/div> <div class=\"gallery-group\" style=\"width: 590px; height: 590px;\" data-original-width=\"590\" data-original-height=\"590\" > <div class=\"tiled-gallery-item \" itemprop=\"associatedMedia\" itemscope itemtype=\"http:\/\/schema.org\/ImageObject\"> <meta itemprop=\"width\" content=\"586\"> <meta itemprop=\"height\" content=\"586\"> <img data-attachment-id=\"1344\" data-orig-file=\"https:\/\/blogs.musikerohnegrenzen.de\/naomimebus\/wp-content\/uploads\/sites\/4\/2017\/09\/DSC01177.jpg\" data-orig-size=\"5184,3888\" data-comments-opened=\"1\" data-image-meta=\"{&quot;aperture&quot;:&quot;6.3&quot;,&quot;credit&quot;:&quot;&quot;,&quot;camera&quot;:&quot;DSC-HX60&quot;,&quot;caption&quot;:&quot;&quot;,&quot;created_timestamp&quot;:&quot;1503789768&quot;,&quot;copyright&quot;:&quot;&quot;,&quot;focal_length&quot;:&quot;25.28&quot;,&quot;iso&quot;:&quot;800&quot;,&quot;shutter_speed&quot;:&quot;0.00625&quot;,&quot;title&quot;:&quot;&quot;,&quot;orientation&quot;:&quot;1&quot;}\" data-image-title=\"DSC01177\" data-image-description=\"\" data-medium-file=\"https:\/\/i1.wp.com\/blogs.musikerohnegrenzen.de\/naomimebus\/wp-content\/uploads\/sites\/4\/2017\/09\/DSC01177.jpg?fit=300%2C225&#038;ssl=1\" data-large-file=\"https:\/\/i1.wp.com\/blogs.musikerohnegrenzen.de\/naomimebus\/wp-content\/uploads\/sites\/4\/2017\/09\/DSC01177.jpg?fit=1024%2C768&#038;ssl=1\" src=\"https:\/\/i1.wp.com\/blogs.musikerohnegrenzen.de\/naomimebus\/wp-content\/uploads\/sites\/4\/2017\/09\/DSC01177.jpg?w=586&#038;h=586&#038;crop=1&#038;ssl=1\" width=\"586\" height=\"586\" data-original-width=\"586\" data-original-height=\"586\" itemprop=\"http:\/\/schema.org\/image\" title=\"DSC01177\" alt=\"DSC01177\" style=\"width: 586px; height: 586px;\" \/> <\/div> <\/div> <\/div> <\/div>\n<p>F\u00fcr den n\u00e4chsten Tag hat Sophie uns bei einer \u201eFree-Walking-Tour\u201c angemeldet. Eine sch\u00f6ne M\u00f6glichkeit einen \u00dcberblick \u00fcber die fremde Stadt zu erhalten. Die F\u00fchrung ist abgesehen von der Bitte nach Trinkgeld vollkommen gratis. Cusco war die Hauptstadt und das Zentrum des ehemaligen Inkareichs. Die ganze, heute etwa 480.000 Einwohner beherbergende Stadt, ist auf alten Inkaruinen erbaut. Wo fr\u00fcher Tempel und Pal\u00e4ste thronten, stehen heute Kirchen und Kl\u00f6ster. Obwohl so viele Dinge von der alten Inka Kultur zeugen, ist es schwer sich vorzustellen, wie das Stadtbild vor der spanischen Eroberung ausgesehen haben muss. Der Legende nach wurde Cusco im 12. Jhd. gegr\u00fcndet und sp\u00e4ter vor allem durch Pachacutec (den neunten Inka) ausgebaut. Die Inka waren ganz hervorragende Architekten. Sie legten die Stadt in Gestalt eines Puma an, der neben der Schlange und dem Kondor eines der heilige Tiere ihres Glaubens war. Ihre Tempel bestanden aus dicken Steinmauern, indem sie die Steine aber so schliffen, das sie millimetergenau aufeinanderpassten, erreichten sie eine Stabilit\u00e4t, die bis heute anh\u00e4lt. Durch eine Reihe beweglicher Steine am Fundament der Mauern halten diese sogar st\u00e4rkeren Erdbeben stand.<\/p>\n<p>Auf der Plaza de Armas, dem zentralen Platz im Zentrum der Stadt ist an diesem Sonntag viel los. Zwar gibt es jeden Sonntag auf diesem Platz eine \u201emarcha\u201c, bei der die peruanische und die Flagge von Cusco gehisst und die Stadthymne gesungen wird, an diesem Sonntag wird aber die heilige Maria Rosa von Lima gefeiert. Milit\u00e4r, Polizei, zahlreiche Schul- und Kindergarten in Uniform und nat\u00fcrlich viele Schaulustige sind anwesend. Von den Treppen, die zur Kathedrale hochf\u00fchren, schauen sie auf die Milit\u00e4rkapelle herunter. Auf der anderen Seite des Platzes haben H\u00e4ndler ihre B\u00fccherst\u00e4nde aufgebaut. August ist \u201eMonat des Buches\u201c, daher auch die B\u00fcchermesse in Cajamarca.<\/p>\n<p>Wenige Meter weiter, in den engen Gassen der Stadt ist es ruhiger. Wir sehen uns das alte Kanalisationssystem der Inka an, ebenfalls eine architektonische Meisterleistung. Von Cusco aus f\u00fchren alte Inkawege in alle Ecken S\u00fcdamerikas. Sie dienten als Verkehrsstra\u00dfen und Kommunikationswege f\u00fcr Boten, die \u00fcber die hohen Anden hinweg Nachrichten zu Fu\u00df durch das gesamte Imperium trugen.<\/p>\n<p>Das Stra\u00dfenbild Cuscos ist ges\u00e4umt von Caf\u00e9s, Restaurants und Souvenirshops. Man ist merklich auf Touristen eingestellt. Agenturen bieten alle 50 Meter Ausfl\u00fcge in die Umgebung an. Die \u201eFree-Walking-Tour\u201c endet in einem Restaurant, in dem uns der hier klassische Cocktail Pisco Sour serviert wird. Dieser besteht aus Pisco, Zuckersirup, Limette und Eiwei\u00df. Wir essen wieder auf dem Markt, dieses Mal allerdings nicht in San Blas, sondern auf dem Mercado San Pedro. &nbsp;<\/p>\n<div class=\"tiled-gallery type-rectangular tiled-gallery-unresized\" data-original-width=\"1180\" data-carousel-extra='{&quot;blog_id&quot;:4,&quot;permalink&quot;:&quot;https:\\\/\\\/blogs.musikerohnegrenzen.de\\\/naomimebus\\\/2017\\\/08\\\/26\\\/cusco\\\/&quot;,&quot;likes_blog_id&quot;:133009050}' itemscope itemtype=\"http:\/\/schema.org\/ImageGallery\" > <div class=\"gallery-row\" style=\"width: 1180px; height: 591px;\" data-original-width=\"1180\" data-original-height=\"591\" > <div class=\"gallery-group images-1\" style=\"width: 787px; height: 591px;\" data-original-width=\"787\" data-original-height=\"591\" > <div class=\"tiled-gallery-item tiled-gallery-item-large\" itemprop=\"associatedMedia\" itemscope itemtype=\"http:\/\/schema.org\/ImageObject\"> <meta itemprop=\"width\" content=\"783\"> <meta itemprop=\"height\" content=\"587\"> <img data-attachment-id=\"1345\" data-orig-file=\"https:\/\/blogs.musikerohnegrenzen.de\/naomimebus\/wp-content\/uploads\/sites\/4\/2017\/09\/DSC01189.jpg\" data-orig-size=\"5184,3888\" data-comments-opened=\"1\" data-image-meta=\"{&quot;aperture&quot;:&quot;3.5&quot;,&quot;credit&quot;:&quot;&quot;,&quot;camera&quot;:&quot;DSC-HX60&quot;,&quot;caption&quot;:&quot;&quot;,&quot;created_timestamp&quot;:&quot;1503849765&quot;,&quot;copyright&quot;:&quot;&quot;,&quot;focal_length&quot;:&quot;4.33&quot;,&quot;iso&quot;:&quot;80&quot;,&quot;shutter_speed&quot;:&quot;0.001&quot;,&quot;title&quot;:&quot;&quot;,&quot;orientation&quot;:&quot;1&quot;}\" data-image-title=\"DSC01189\" data-image-description=\"\" data-medium-file=\"https:\/\/i2.wp.com\/blogs.musikerohnegrenzen.de\/naomimebus\/wp-content\/uploads\/sites\/4\/2017\/09\/DSC01189.jpg?fit=300%2C225&#038;ssl=1\" data-large-file=\"https:\/\/i2.wp.com\/blogs.musikerohnegrenzen.de\/naomimebus\/wp-content\/uploads\/sites\/4\/2017\/09\/DSC01189.jpg?fit=1024%2C768&#038;ssl=1\" src=\"https:\/\/i2.wp.com\/blogs.musikerohnegrenzen.de\/naomimebus\/wp-content\/uploads\/sites\/4\/2017\/09\/DSC01189.jpg?w=783&#038;h=587&#038;ssl=1\" width=\"783\" height=\"587\" data-original-width=\"783\" data-original-height=\"587\" itemprop=\"http:\/\/schema.org\/image\" title=\"DSC01189\" alt=\"Gedr\u00e4nge auf der Plaza de Armas\" style=\"width: 783px; height: 587px;\" \/> <div class=\"tiled-gallery-caption\" itemprop=\"caption description\"> Gedr\u00e4nge auf der Plaza de Armas <\/div> <\/div> <\/div> <!-- close group --> <div class=\"gallery-group images-2\" style=\"width: 393px; height: 591px;\" data-original-width=\"393\" data-original-height=\"591\" > <div class=\"tiled-gallery-item tiled-gallery-item-large\" itemprop=\"associatedMedia\" itemscope itemtype=\"http:\/\/schema.org\/ImageObject\"> <meta itemprop=\"width\" content=\"389\"> <meta itemprop=\"height\" content=\"292\"> <img data-attachment-id=\"1346\" data-orig-file=\"https:\/\/blogs.musikerohnegrenzen.de\/naomimebus\/wp-content\/uploads\/sites\/4\/2017\/09\/DSC01190.jpg\" data-orig-size=\"5184,3888\" data-comments-opened=\"1\" data-image-meta=\"{&quot;aperture&quot;:&quot;5&quot;,&quot;credit&quot;:&quot;&quot;,&quot;camera&quot;:&quot;DSC-HX60&quot;,&quot;caption&quot;:&quot;&quot;,&quot;created_timestamp&quot;:&quot;1503849881&quot;,&quot;copyright&quot;:&quot;&quot;,&quot;focal_length&quot;:&quot;9.45&quot;,&quot;iso&quot;:&quot;80&quot;,&quot;shutter_speed&quot;:&quot;0.0015625&quot;,&quot;title&quot;:&quot;&quot;,&quot;orientation&quot;:&quot;1&quot;}\" data-image-title=\"DSC01190\" data-image-description=\"\" data-medium-file=\"https:\/\/i1.wp.com\/blogs.musikerohnegrenzen.de\/naomimebus\/wp-content\/uploads\/sites\/4\/2017\/09\/DSC01190.jpg?fit=300%2C225&#038;ssl=1\" data-large-file=\"https:\/\/i1.wp.com\/blogs.musikerohnegrenzen.de\/naomimebus\/wp-content\/uploads\/sites\/4\/2017\/09\/DSC01190.jpg?fit=1024%2C768&#038;ssl=1\" src=\"https:\/\/i1.wp.com\/blogs.musikerohnegrenzen.de\/naomimebus\/wp-content\/uploads\/sites\/4\/2017\/09\/DSC01190.jpg?w=389&#038;h=292&#038;ssl=1\" width=\"389\" height=\"292\" data-original-width=\"389\" data-original-height=\"292\" itemprop=\"http:\/\/schema.org\/image\" title=\"DSC01190\" alt=\"Milit\u00e4r beim Hissen der Flagge\" style=\"width: 389px; height: 292px;\" \/> <div class=\"tiled-gallery-caption\" itemprop=\"caption description\"> Milit\u00e4r beim Hissen der Flagge <\/div> <\/div> <div class=\"tiled-gallery-item tiled-gallery-item-large\" itemprop=\"associatedMedia\" itemscope itemtype=\"http:\/\/schema.org\/ImageObject\"> <meta itemprop=\"width\" content=\"389\"> <meta itemprop=\"height\" content=\"291\"> <img data-attachment-id=\"1347\" data-orig-file=\"https:\/\/blogs.musikerohnegrenzen.de\/naomimebus\/wp-content\/uploads\/sites\/4\/2017\/09\/DSC01224.jpg\" data-orig-size=\"5184,3888\" data-comments-opened=\"1\" data-image-meta=\"{&quot;aperture&quot;:&quot;4.5&quot;,&quot;credit&quot;:&quot;&quot;,&quot;camera&quot;:&quot;DSC-HX60&quot;,&quot;caption&quot;:&quot;&quot;,&quot;created_timestamp&quot;:&quot;1503859497&quot;,&quot;copyright&quot;:&quot;&quot;,&quot;focal_length&quot;:&quot;9.45&quot;,&quot;iso&quot;:&quot;80&quot;,&quot;shutter_speed&quot;:&quot;0.0025&quot;,&quot;title&quot;:&quot;&quot;,&quot;orientation&quot;:&quot;1&quot;}\" data-image-title=\"DSC01224\" data-image-description=\"\" data-medium-file=\"https:\/\/i1.wp.com\/blogs.musikerohnegrenzen.de\/naomimebus\/wp-content\/uploads\/sites\/4\/2017\/09\/DSC01224.jpg?fit=300%2C225&#038;ssl=1\" data-large-file=\"https:\/\/i1.wp.com\/blogs.musikerohnegrenzen.de\/naomimebus\/wp-content\/uploads\/sites\/4\/2017\/09\/DSC01224.jpg?fit=1024%2C768&#038;ssl=1\" src=\"https:\/\/i1.wp.com\/blogs.musikerohnegrenzen.de\/naomimebus\/wp-content\/uploads\/sites\/4\/2017\/09\/DSC01224.jpg?w=389&#038;h=291&#038;ssl=1\" width=\"389\" height=\"291\" data-original-width=\"389\" data-original-height=\"291\" itemprop=\"http:\/\/schema.org\/image\" title=\"DSC01224\" alt=\"Blick auf Cusco von San Blas\" style=\"width: 389px; height: 291px;\" \/> <div class=\"tiled-gallery-caption\" itemprop=\"caption description\"> Blick auf Cusco von San Blas <\/div> <\/div> <\/div> <!-- close group --> <\/div> <!-- close row --> <div class=\"gallery-row\" style=\"width: 1180px; height: 886px;\" data-original-width=\"1180\" data-original-height=\"886\" > <div class=\"gallery-group images-1\" style=\"width: 1180px; height: 886px;\" data-original-width=\"1180\" data-original-height=\"886\" > <div class=\"tiled-gallery-item tiled-gallery-item-large\" itemprop=\"associatedMedia\" itemscope itemtype=\"http:\/\/schema.org\/ImageObject\"> <meta itemprop=\"width\" content=\"1176\"> <meta itemprop=\"height\" content=\"882\"> <img data-attachment-id=\"1349\" data-orig-file=\"https:\/\/blogs.musikerohnegrenzen.de\/naomimebus\/wp-content\/uploads\/sites\/4\/2017\/09\/DSC01235.jpg\" data-orig-size=\"5184,3888\" data-comments-opened=\"1\" data-image-meta=\"{&quot;aperture&quot;:&quot;5.6&quot;,&quot;credit&quot;:&quot;&quot;,&quot;camera&quot;:&quot;DSC-HX60&quot;,&quot;caption&quot;:&quot;&quot;,&quot;created_timestamp&quot;:&quot;1503859740&quot;,&quot;copyright&quot;:&quot;&quot;,&quot;focal_length&quot;:&quot;20.72&quot;,&quot;iso&quot;:&quot;80&quot;,&quot;shutter_speed&quot;:&quot;0.004&quot;,&quot;title&quot;:&quot;&quot;,&quot;orientation&quot;:&quot;1&quot;}\" data-image-title=\"DSC01235\" data-image-description=\"\" data-medium-file=\"https:\/\/i2.wp.com\/blogs.musikerohnegrenzen.de\/naomimebus\/wp-content\/uploads\/sites\/4\/2017\/09\/DSC01235.jpg?fit=300%2C225&#038;ssl=1\" data-large-file=\"https:\/\/i2.wp.com\/blogs.musikerohnegrenzen.de\/naomimebus\/wp-content\/uploads\/sites\/4\/2017\/09\/DSC01235.jpg?fit=1024%2C768&#038;ssl=1\" src=\"https:\/\/i2.wp.com\/blogs.musikerohnegrenzen.de\/naomimebus\/wp-content\/uploads\/sites\/4\/2017\/09\/DSC01235.jpg?w=1176&#038;h=882&#038;ssl=1\" width=\"1176\" height=\"882\" data-original-width=\"1176\" data-original-height=\"882\" itemprop=\"http:\/\/schema.org\/image\" title=\"DSC01235\" alt=\"Plaza de Armas von Oben\" style=\"width: 1176px; height: 882px;\" \/> <div class=\"tiled-gallery-caption\" itemprop=\"caption description\"> Plaza de Armas von Oben <\/div> <\/div> <\/div> <!-- close group --> <\/div> <!-- close row --> <\/div>\n<p>In der Umgebung Cuscos gibt es neben Machu Picchu und den Regenbogenbergen (\u00fcber die ich bereits berichtete) verschiedene arch\u00e4ologische St\u00e4tten. Das Boleto Turistico bietet Zutritt zu einer Vielzahl von Attraktionen in- und au\u00dferhalb Cuscos. Wir besichtigen mehrere dieser St\u00e4tten, unter ihnen Tipon, Pikillaqta, Chinchero und Moray. Bei Tipon handelt es sich um eine ehemalige Gartenanlage der Inka, wobei heutzutage keinerlei Gew\u00e4chse, abgesehen von dem durch Touristen niedergetrampeltes Gras, zu sehen sind. Hier gibt es eine ewig flie\u00dfende noch aus Inka Zeit stammende Wasserversorgung. Niemand wei\u00df genau woher das Wasser stammt, das sowohl in der Regenzeit, als auch zur Trockenperiode immer gleichm\u00e4\u00dfig flie\u00dft. Pikillaqta ist eine pr\u00e4inka St\u00e4tte, die einst von einem hohen Wall umgebene Stadt geh\u00f6rte den Wari, die sie allerdings noch vor der Eroberung durch die Inka verlie\u00dfen, um weiter nach S\u00fcden, in Richtung des Titicacasees zu ziehen. Die Inka nutzten die verlassene Stadt sp\u00e4ter als Handelsplatz.<\/p>\n<div class=\"tiled-gallery type-square tiled-gallery-unresized\" data-original-width=\"1180\" data-carousel-extra='{&quot;blog_id&quot;:4,&quot;permalink&quot;:&quot;https:\\\/\\\/blogs.musikerohnegrenzen.de\\\/naomimebus\\\/2017\\\/08\\\/26\\\/cusco\\\/&quot;,&quot;likes_blog_id&quot;:133009050}' itemscope itemtype=\"http:\/\/schema.org\/ImageGallery\" > <div class=\"gallery-row\" style=\"width: 1180px; height: 590px;\" data-original-width=\"1180\" data-original-height=\"590\" > <div class=\"gallery-group\" style=\"width: 590px; height: 590px;\" data-original-width=\"590\" data-original-height=\"590\" > <div class=\"tiled-gallery-item \" itemprop=\"associatedMedia\" itemscope itemtype=\"http:\/\/schema.org\/ImageObject\"> <meta itemprop=\"width\" content=\"586\"> <meta itemprop=\"height\" content=\"586\"> <img data-attachment-id=\"1348\" data-orig-file=\"https:\/\/blogs.musikerohnegrenzen.de\/naomimebus\/wp-content\/uploads\/sites\/4\/2017\/09\/DSC01539.jpg\" data-orig-size=\"5184,3888\" data-comments-opened=\"1\" data-image-meta=\"{&quot;aperture&quot;:&quot;3.5&quot;,&quot;credit&quot;:&quot;&quot;,&quot;camera&quot;:&quot;DSC-HX60&quot;,&quot;caption&quot;:&quot;&quot;,&quot;created_timestamp&quot;:&quot;1504198625&quot;,&quot;copyright&quot;:&quot;&quot;,&quot;focal_length&quot;:&quot;4.3&quot;,&quot;iso&quot;:&quot;80&quot;,&quot;shutter_speed&quot;:&quot;0.003125&quot;,&quot;title&quot;:&quot;&quot;,&quot;orientation&quot;:&quot;1&quot;}\" data-image-title=\"DSC01539\" data-image-description=\"\" data-medium-file=\"https:\/\/i0.wp.com\/blogs.musikerohnegrenzen.de\/naomimebus\/wp-content\/uploads\/sites\/4\/2017\/09\/DSC01539.jpg?fit=300%2C225&#038;ssl=1\" data-large-file=\"https:\/\/i0.wp.com\/blogs.musikerohnegrenzen.de\/naomimebus\/wp-content\/uploads\/sites\/4\/2017\/09\/DSC01539.jpg?fit=1024%2C768&#038;ssl=1\" src=\"https:\/\/i0.wp.com\/blogs.musikerohnegrenzen.de\/naomimebus\/wp-content\/uploads\/sites\/4\/2017\/09\/DSC01539.jpg?w=586&#038;h=586&#038;crop=1&#038;ssl=1\" width=\"586\" height=\"586\" data-original-width=\"586\" data-original-height=\"586\" itemprop=\"http:\/\/schema.org\/image\" title=\"DSC01539\" alt=\"Wasserversorgung der Inka\" style=\"width: 586px; height: 586px;\" \/> <div class=\"tiled-gallery-caption\" itemprop=\"caption description\"> Wasserversorgung der Inka <\/div> <\/div> <\/div> <div class=\"gallery-group\" style=\"width: 590px; height: 590px;\" data-original-width=\"590\" data-original-height=\"590\" > <div class=\"tiled-gallery-item \" itemprop=\"associatedMedia\" itemscope itemtype=\"http:\/\/schema.org\/ImageObject\"> <meta itemprop=\"width\" content=\"586\"> <meta itemprop=\"height\" content=\"586\"> <img data-attachment-id=\"1350\" data-orig-file=\"https:\/\/blogs.musikerohnegrenzen.de\/naomimebus\/wp-content\/uploads\/sites\/4\/2017\/09\/DSC01544-e1504910508718.jpg\" data-orig-size=\"3888,5184\" data-comments-opened=\"1\" data-image-meta=\"{&quot;aperture&quot;:&quot;4.5&quot;,&quot;credit&quot;:&quot;&quot;,&quot;camera&quot;:&quot;DSC-HX60&quot;,&quot;caption&quot;:&quot;&quot;,&quot;created_timestamp&quot;:&quot;1504202638&quot;,&quot;copyright&quot;:&quot;&quot;,&quot;focal_length&quot;:&quot;8.04&quot;,&quot;iso&quot;:&quot;80&quot;,&quot;shutter_speed&quot;:&quot;0.0015625&quot;,&quot;title&quot;:&quot;&quot;,&quot;orientation&quot;:&quot;6&quot;}\" data-image-title=\"DSC01544\" data-image-description=\"\" data-medium-file=\"https:\/\/i2.wp.com\/blogs.musikerohnegrenzen.de\/naomimebus\/wp-content\/uploads\/sites\/4\/2017\/09\/DSC01544-e1504910508718.jpg?fit=225%2C300&#038;ssl=1\" data-large-file=\"https:\/\/i2.wp.com\/blogs.musikerohnegrenzen.de\/naomimebus\/wp-content\/uploads\/sites\/4\/2017\/09\/DSC01544-e1504910508718.jpg?fit=768%2C1024&#038;ssl=1\" src=\"https:\/\/i2.wp.com\/blogs.musikerohnegrenzen.de\/naomimebus\/wp-content\/uploads\/sites\/4\/2017\/09\/DSC01544-e1504910508718.jpg?w=586&#038;h=586&#038;crop=1&#038;ssl=1\" width=\"586\" height=\"586\" data-original-width=\"586\" data-original-height=\"586\" itemprop=\"http:\/\/schema.org\/image\" title=\"DSC01544\" alt=\"Pikillaqta\" style=\"width: 586px; height: 586px;\" \/> <div class=\"tiled-gallery-caption\" itemprop=\"caption description\"> Pikillaqta <\/div> <\/div> <\/div> <\/div> <\/div>\n<p>An unserem letzten Tag in Cusco besichtigten wir die Salzterrassen von Maras, Moray und Chinchero. Dazu nahmen wir das Colectivo von Cusco aus und ab der Abzweigung Richtung Maras ein Taxi. Moray sieht zwar aus wie ein Ufo-Landeplatz, ist aber eigentlich eine ehemals f\u00fcr Agrarkultur verwendete Inkakonstruktion. Auf den terrassenf\u00f6rmig angelegten Abstufungen wuchsen damals verschiedene Pflanzen, wie etwa Kartoffeln oder Quinoa, die durch die besondere Konstruktion einfacher bew\u00e4ssert werden konnten.<\/p>\n<div class=\"tiled-gallery type-rectangular tiled-gallery-unresized\" data-original-width=\"1180\" data-carousel-extra='{&quot;blog_id&quot;:4,&quot;permalink&quot;:&quot;https:\\\/\\\/blogs.musikerohnegrenzen.de\\\/naomimebus\\\/2017\\\/08\\\/26\\\/cusco\\\/&quot;,&quot;likes_blog_id&quot;:133009050}' itemscope itemtype=\"http:\/\/schema.org\/ImageGallery\" > <div class=\"gallery-row\" style=\"width: 1180px; height: 886px;\" data-original-width=\"1180\" data-original-height=\"886\" > <div class=\"gallery-group images-1\" style=\"width: 1180px; height: 886px;\" data-original-width=\"1180\" data-original-height=\"886\" > <div class=\"tiled-gallery-item tiled-gallery-item-large\" itemprop=\"associatedMedia\" itemscope itemtype=\"http:\/\/schema.org\/ImageObject\"> <meta itemprop=\"width\" content=\"1176\"> <meta itemprop=\"height\" content=\"882\"> <img data-attachment-id=\"1356\" data-orig-file=\"https:\/\/blogs.musikerohnegrenzen.de\/naomimebus\/wp-content\/uploads\/sites\/4\/2017\/09\/DSC01742.jpg\" data-orig-size=\"5184,3888\" data-comments-opened=\"1\" data-image-meta=\"{&quot;aperture&quot;:&quot;3.5&quot;,&quot;credit&quot;:&quot;&quot;,&quot;camera&quot;:&quot;DSC-HX60&quot;,&quot;caption&quot;:&quot;&quot;,&quot;created_timestamp&quot;:&quot;1504462637&quot;,&quot;copyright&quot;:&quot;&quot;,&quot;focal_length&quot;:&quot;4.3&quot;,&quot;iso&quot;:&quot;80&quot;,&quot;shutter_speed&quot;:&quot;0.000625&quot;,&quot;title&quot;:&quot;&quot;,&quot;orientation&quot;:&quot;1&quot;}\" data-image-title=\"DSC01742\" data-image-description=\"\" data-medium-file=\"https:\/\/i2.wp.com\/blogs.musikerohnegrenzen.de\/naomimebus\/wp-content\/uploads\/sites\/4\/2017\/09\/DSC01742.jpg?fit=300%2C225&#038;ssl=1\" data-large-file=\"https:\/\/i2.wp.com\/blogs.musikerohnegrenzen.de\/naomimebus\/wp-content\/uploads\/sites\/4\/2017\/09\/DSC01742.jpg?fit=1024%2C768&#038;ssl=1\" src=\"https:\/\/i2.wp.com\/blogs.musikerohnegrenzen.de\/naomimebus\/wp-content\/uploads\/sites\/4\/2017\/09\/DSC01742.jpg?w=1176&#038;h=882&#038;ssl=1\" width=\"1176\" height=\"882\" data-original-width=\"1176\" data-original-height=\"882\" itemprop=\"http:\/\/schema.org\/image\" title=\"DSC01742\" alt=\"Moray\" style=\"width: 1176px; height: 882px;\" \/> <div class=\"tiled-gallery-caption\" itemprop=\"caption description\"> Moray <\/div> <\/div> <\/div> <!-- close group --> <\/div> <!-- close row --> <\/div>\n<p>Die Salzterrassen von Maras wollte ich unbedingt sehen und starrte deshalb auf dem Weg mit dem Taxi von Moray angestrengt aus dem Fenster. Das Auto bog um eine Kurve und da lag pl\u00f6tzlich unter uns wei\u00df im Sonnenlicht schimmernd die ganze Pracht der in den Berg geschlagenen Becken. Wir bezahlten den (nicht im Boleto Turistico enthaltenen) Eintritt von 10 Sol und fanden uns augenblicklich von kleinen Verkaufsst\u00e4nden umgeben, die das in den Becken abgebaute Salz anpriesen. Nachdem wir die Verk\u00e4ufer hinter uns gelassen hatten, reihte sich Becken an Becken, auf einer riesigen Fl\u00e4che, die alle in unterschiedliche F\u00e4rbungen get\u00f6nt waren. Die Sonne schien so stark, dass es schwer war auf die wei\u00dfe Fl\u00e4che zu schauen, ohne die Augen zu schlie\u00dfen.<\/p>\n<div class=\"tiled-gallery type-square tiled-gallery-unresized\" data-original-width=\"1180\" data-carousel-extra='{&quot;blog_id&quot;:4,&quot;permalink&quot;:&quot;https:\\\/\\\/blogs.musikerohnegrenzen.de\\\/naomimebus\\\/2017\\\/08\\\/26\\\/cusco\\\/&quot;,&quot;likes_blog_id&quot;:133009050}' itemscope itemtype=\"http:\/\/schema.org\/ImageGallery\" > <div class=\"gallery-row\" style=\"width: 1180px; height: 590px;\" data-original-width=\"1180\" data-original-height=\"590\" > <div class=\"gallery-group\" style=\"width: 590px; height: 590px;\" data-original-width=\"590\" data-original-height=\"590\" > <div class=\"tiled-gallery-item \" itemprop=\"associatedMedia\" itemscope itemtype=\"http:\/\/schema.org\/ImageObject\"> <meta itemprop=\"width\" content=\"586\"> <meta itemprop=\"height\" content=\"586\"> <img data-attachment-id=\"1352\" data-orig-file=\"https:\/\/blogs.musikerohnegrenzen.de\/naomimebus\/wp-content\/uploads\/sites\/4\/2017\/09\/DSC01746.jpg\" data-orig-size=\"5184,3888\" data-comments-opened=\"1\" data-image-meta=\"{&quot;aperture&quot;:&quot;3.5&quot;,&quot;credit&quot;:&quot;&quot;,&quot;camera&quot;:&quot;DSC-HX60&quot;,&quot;caption&quot;:&quot;&quot;,&quot;created_timestamp&quot;:&quot;1504465858&quot;,&quot;copyright&quot;:&quot;&quot;,&quot;focal_length&quot;:&quot;4.3&quot;,&quot;iso&quot;:&quot;80&quot;,&quot;shutter_speed&quot;:&quot;0.000625&quot;,&quot;title&quot;:&quot;&quot;,&quot;orientation&quot;:&quot;1&quot;}\" data-image-title=\"DSC01746\" data-image-description=\"\" data-medium-file=\"https:\/\/i1.wp.com\/blogs.musikerohnegrenzen.de\/naomimebus\/wp-content\/uploads\/sites\/4\/2017\/09\/DSC01746.jpg?fit=300%2C225&#038;ssl=1\" data-large-file=\"https:\/\/i1.wp.com\/blogs.musikerohnegrenzen.de\/naomimebus\/wp-content\/uploads\/sites\/4\/2017\/09\/DSC01746.jpg?fit=1024%2C768&#038;ssl=1\" src=\"https:\/\/i1.wp.com\/blogs.musikerohnegrenzen.de\/naomimebus\/wp-content\/uploads\/sites\/4\/2017\/09\/DSC01746.jpg?w=586&#038;h=586&#038;crop=1&#038;ssl=1\" width=\"586\" height=\"586\" data-original-width=\"586\" data-original-height=\"586\" itemprop=\"http:\/\/schema.org\/image\" title=\"DSC01746\" alt=\"Erster Blick auf die Salzterrassen\" style=\"width: 586px; height: 586px;\" \/> <div class=\"tiled-gallery-caption\" itemprop=\"caption description\"> Erster Blick auf die Salzterrassen <\/div> <\/div> <\/div> <div class=\"gallery-group\" style=\"width: 590px; height: 590px;\" data-original-width=\"590\" data-original-height=\"590\" > <div class=\"tiled-gallery-item \" itemprop=\"associatedMedia\" itemscope itemtype=\"http:\/\/schema.org\/ImageObject\"> <meta itemprop=\"width\" content=\"586\"> <meta itemprop=\"height\" content=\"586\"> <img data-attachment-id=\"1354\" data-orig-file=\"https:\/\/blogs.musikerohnegrenzen.de\/naomimebus\/wp-content\/uploads\/sites\/4\/2017\/09\/DSC01750.jpg\" data-orig-size=\"5184,3888\" data-comments-opened=\"1\" data-image-meta=\"{&quot;aperture&quot;:&quot;4&quot;,&quot;credit&quot;:&quot;&quot;,&quot;camera&quot;:&quot;DSC-HX60&quot;,&quot;caption&quot;:&quot;&quot;,&quot;created_timestamp&quot;:&quot;1504466824&quot;,&quot;copyright&quot;:&quot;&quot;,&quot;focal_length&quot;:&quot;4.3&quot;,&quot;iso&quot;:&quot;80&quot;,&quot;shutter_speed&quot;:&quot;0.000625&quot;,&quot;title&quot;:&quot;&quot;,&quot;orientation&quot;:&quot;1&quot;}\" data-image-title=\"DSC01750\" data-image-description=\"\" data-medium-file=\"https:\/\/i2.wp.com\/blogs.musikerohnegrenzen.de\/naomimebus\/wp-content\/uploads\/sites\/4\/2017\/09\/DSC01750.jpg?fit=300%2C225&#038;ssl=1\" data-large-file=\"https:\/\/i2.wp.com\/blogs.musikerohnegrenzen.de\/naomimebus\/wp-content\/uploads\/sites\/4\/2017\/09\/DSC01750.jpg?fit=1024%2C768&#038;ssl=1\" src=\"https:\/\/i2.wp.com\/blogs.musikerohnegrenzen.de\/naomimebus\/wp-content\/uploads\/sites\/4\/2017\/09\/DSC01750.jpg?w=586&#038;h=586&#038;crop=1&#038;ssl=1\" width=\"586\" height=\"586\" data-original-width=\"586\" data-original-height=\"586\" itemprop=\"http:\/\/schema.org\/image\" title=\"DSC01750\" alt=\"Beim Betreten des Gel\u00e4ndes\" style=\"width: 586px; height: 586px;\" \/> <div class=\"tiled-gallery-caption\" itemprop=\"caption description\"> Beim Betreten des Gel\u00e4ndes <\/div> <\/div> <\/div> <\/div> <\/div>\n<p>Auf dem R\u00fcckweg nach Cusco hielten wir in Chinchero, einem kleinen Dorf, dass auch eine arch\u00e4ologische St\u00e4tte beherbergen sollte. Wir a\u00dfen Chicharron und sahen uns ein wenig genauer um. Ein St\u00fcck weit den Berg hoch stand eine alte Kirche. In ihrem Inneren war es dunkel. Das Dach war vollkommen aus Holz, aber kunstvoll bemalt und so alt, dass die Farbe bereits an mehreren Stellen verblasst war. Drau\u00dfen f\u00fchrte der Weg durch einen Bogen weiter zur Ruine. Das Wetter war sch\u00f6n und alles war in eine goldene Nachmittagssonne getaucht. Obwohl wir keine genaueren Informationen \u00fcber die arch\u00e4ologische St\u00e4tte in Erfahrung bringen konnten, war es eine der sch\u00f6nsten Ruinen, die wir bisher besichtigt hatten. Eingeh\u00fcllt in eine wundervolle Ruhe, umgeben von Wiesen und B\u00e4umen spazierten wir bis zum sp\u00e4ten Nachmittag durch die Anlage. Erst als wir dieses friedliche Bild ganz in uns eingesaugt hatten, f\u00fchlten wir uns bereit f\u00fcr die Weiterreise.<\/p>\n<div class=\"tiled-gallery type-rectangular tiled-gallery-unresized\" data-original-width=\"1180\" data-carousel-extra='{&quot;blog_id&quot;:4,&quot;permalink&quot;:&quot;https:\\\/\\\/blogs.musikerohnegrenzen.de\\\/naomimebus\\\/2017\\\/08\\\/26\\\/cusco\\\/&quot;,&quot;likes_blog_id&quot;:133009050}' itemscope itemtype=\"http:\/\/schema.org\/ImageGallery\" > <div class=\"gallery-row\" style=\"width: 1180px; height: 591px;\" data-original-width=\"1180\" data-original-height=\"591\" > <div class=\"gallery-group images-1\" style=\"width: 787px; height: 591px;\" data-original-width=\"787\" data-original-height=\"591\" > <div class=\"tiled-gallery-item tiled-gallery-item-large\" itemprop=\"associatedMedia\" itemscope itemtype=\"http:\/\/schema.org\/ImageObject\"> <meta itemprop=\"width\" content=\"783\"> <meta itemprop=\"height\" content=\"587\"> <img data-attachment-id=\"1355\" data-orig-file=\"https:\/\/blogs.musikerohnegrenzen.de\/naomimebus\/wp-content\/uploads\/sites\/4\/2017\/09\/DSC01801.jpg\" data-orig-size=\"5184,3888\" data-comments-opened=\"1\" data-image-meta=\"{&quot;aperture&quot;:&quot;6.3&quot;,&quot;credit&quot;:&quot;&quot;,&quot;camera&quot;:&quot;DSC-HX60&quot;,&quot;caption&quot;:&quot;&quot;,&quot;created_timestamp&quot;:&quot;1504476207&quot;,&quot;copyright&quot;:&quot;&quot;,&quot;focal_length&quot;:&quot;26.97&quot;,&quot;iso&quot;:&quot;80&quot;,&quot;shutter_speed&quot;:&quot;0.0025&quot;,&quot;title&quot;:&quot;&quot;,&quot;orientation&quot;:&quot;1&quot;}\" data-image-title=\"DSC01801\" data-image-description=\"\" data-medium-file=\"https:\/\/i2.wp.com\/blogs.musikerohnegrenzen.de\/naomimebus\/wp-content\/uploads\/sites\/4\/2017\/09\/DSC01801.jpg?fit=300%2C225&#038;ssl=1\" data-large-file=\"https:\/\/i2.wp.com\/blogs.musikerohnegrenzen.de\/naomimebus\/wp-content\/uploads\/sites\/4\/2017\/09\/DSC01801.jpg?fit=1024%2C768&#038;ssl=1\" src=\"https:\/\/i2.wp.com\/blogs.musikerohnegrenzen.de\/naomimebus\/wp-content\/uploads\/sites\/4\/2017\/09\/DSC01801.jpg?w=783&#038;h=587&#038;ssl=1\" width=\"783\" height=\"587\" data-original-width=\"783\" data-original-height=\"587\" itemprop=\"http:\/\/schema.org\/image\" title=\"DSC01801\" alt=\"Kunsth\u00e4ndlerinnen in Chinchero\" style=\"width: 783px; height: 587px;\" \/> <div class=\"tiled-gallery-caption\" itemprop=\"caption description\"> Kunsth\u00e4ndlerinnen in Chinchero <\/div> <\/div> <\/div> <!-- close group --> <div class=\"gallery-group images-2\" style=\"width: 393px; height: 591px;\" data-original-width=\"393\" data-original-height=\"591\" > <div class=\"tiled-gallery-item tiled-gallery-item-large\" itemprop=\"associatedMedia\" itemscope itemtype=\"http:\/\/schema.org\/ImageObject\"> <meta itemprop=\"width\" content=\"389\"> <meta itemprop=\"height\" content=\"292\"> <img data-attachment-id=\"1353\" data-orig-file=\"https:\/\/blogs.musikerohnegrenzen.de\/naomimebus\/wp-content\/uploads\/sites\/4\/2017\/09\/DSC01798.jpg\" data-orig-size=\"5184,3888\" data-comments-opened=\"1\" data-image-meta=\"{&quot;aperture&quot;:&quot;6.3&quot;,&quot;credit&quot;:&quot;&quot;,&quot;camera&quot;:&quot;DSC-HX60&quot;,&quot;caption&quot;:&quot;&quot;,&quot;created_timestamp&quot;:&quot;1504475792&quot;,&quot;copyright&quot;:&quot;&quot;,&quot;focal_length&quot;:&quot;48.77&quot;,&quot;iso&quot;:&quot;640&quot;,&quot;shutter_speed&quot;:&quot;0.004&quot;,&quot;title&quot;:&quot;&quot;,&quot;orientation&quot;:&quot;1&quot;}\" data-image-title=\"DSC01798\" data-image-description=\"\" data-medium-file=\"https:\/\/i2.wp.com\/blogs.musikerohnegrenzen.de\/naomimebus\/wp-content\/uploads\/sites\/4\/2017\/09\/DSC01798.jpg?fit=300%2C225&#038;ssl=1\" data-large-file=\"https:\/\/i2.wp.com\/blogs.musikerohnegrenzen.de\/naomimebus\/wp-content\/uploads\/sites\/4\/2017\/09\/DSC01798.jpg?fit=1024%2C768&#038;ssl=1\" src=\"https:\/\/i2.wp.com\/blogs.musikerohnegrenzen.de\/naomimebus\/wp-content\/uploads\/sites\/4\/2017\/09\/DSC01798.jpg?w=389&#038;h=292&#038;ssl=1\" width=\"389\" height=\"292\" data-original-width=\"389\" data-original-height=\"292\" itemprop=\"http:\/\/schema.org\/image\" title=\"DSC01798\" alt=\"Auf dem Markt in Chinchero\" style=\"width: 389px; height: 292px;\" \/> <div class=\"tiled-gallery-caption\" itemprop=\"caption description\"> Auf dem Markt in Chinchero <\/div> <\/div> <div class=\"tiled-gallery-item tiled-gallery-item-large\" itemprop=\"associatedMedia\" itemscope itemtype=\"http:\/\/schema.org\/ImageObject\"> <meta itemprop=\"width\" content=\"389\"> <meta itemprop=\"height\" content=\"291\"> <img data-attachment-id=\"1351\" data-orig-file=\"https:\/\/blogs.musikerohnegrenzen.de\/naomimebus\/wp-content\/uploads\/sites\/4\/2017\/09\/DSC01570.jpg\" data-orig-size=\"5184,3888\" data-comments-opened=\"1\" data-image-meta=\"{&quot;aperture&quot;:&quot;6.3&quot;,&quot;credit&quot;:&quot;&quot;,&quot;camera&quot;:&quot;DSC-HX60&quot;,&quot;caption&quot;:&quot;&quot;,&quot;created_timestamp&quot;:&quot;1504206233&quot;,&quot;copyright&quot;:&quot;&quot;,&quot;focal_length&quot;:&quot;23.67&quot;,&quot;iso&quot;:&quot;100&quot;,&quot;shutter_speed&quot;:&quot;0.00625&quot;,&quot;title&quot;:&quot;&quot;,&quot;orientation&quot;:&quot;1&quot;}\" data-image-title=\"DSC01570\" data-image-description=\"\" data-medium-file=\"https:\/\/i1.wp.com\/blogs.musikerohnegrenzen.de\/naomimebus\/wp-content\/uploads\/sites\/4\/2017\/09\/DSC01570.jpg?fit=300%2C225&#038;ssl=1\" data-large-file=\"https:\/\/i1.wp.com\/blogs.musikerohnegrenzen.de\/naomimebus\/wp-content\/uploads\/sites\/4\/2017\/09\/DSC01570.jpg?fit=1024%2C768&#038;ssl=1\" src=\"https:\/\/i1.wp.com\/blogs.musikerohnegrenzen.de\/naomimebus\/wp-content\/uploads\/sites\/4\/2017\/09\/DSC01570.jpg?w=389&#038;h=291&#038;ssl=1\" width=\"389\" height=\"291\" data-original-width=\"389\" data-original-height=\"291\" itemprop=\"http:\/\/schema.org\/image\" title=\"DSC01570\" alt=\"traditionelle Kleidung\" style=\"width: 389px; height: 291px;\" \/> <div class=\"tiled-gallery-caption\" itemprop=\"caption description\"> traditionelle Kleidung <\/div> <\/div> <\/div> <!-- close group --> <\/div> <!-- close row --> <\/div>\n","protected":false},"excerpt":{"rendered":"<p>In Quichua Qosq\u2019o, der Nabel der Welt genannt, liegt die Stadt genau im Zentrum des ehemaligen Inkareichs, das sich von Kolumbien, bis in den S\u00fcden Chiles \u00fcber tausende von Kilometer erstreckte. Nach einer etwa 30-st\u00fcndigen Busreise, mit Zwischenstopp am Terminal in Lima, kommen wir am 26. August gegen Nachmittag an. Alles an uns f\u00fchlt sich [&hellip;]<\/p>\n","protected":false},"author":4,"featured_media":1349,"comment_status":"open","ping_status":"open","sticky":false,"template":"","format":"standard","meta":{"ngg_post_thumbnail":0,"spay_email":""},"categories":[5,16],"tags":[],"jetpack_featured_media_url":"https:\/\/i2.wp.com\/blogs.musikerohnegrenzen.de\/naomimebus\/wp-content\/uploads\/sites\/4\/2017\/09\/DSC01235.jpg?fit=5184%2C3888&ssl=1","jetpack_shortlink":"https:\/\/wp.me\/s905Jg-cusco","jetpack-related-posts":[{"id":1330,"url":"https:\/\/blogs.musikerohnegrenzen.de\/naomimebus\/2017\/09\/01\/der-regenbogenberg\/","url_meta":{"origin":1342,"position":0},"title":"Der Regenbogenberg","date":"1. September 2017","format":false,"excerpt":"Dieser Ausflug begann damit, dass ich vor einigen Monaten mein Facebook Profil herunterscrollte und auf das Bild eines in verschiedenen Farben leuchtenden Berges stie\u00df. Ich kopierte den im Kommentar angegebenen Namen des Berges und f\u00fcgte ihn in Google Suche ein. Schnell hatte ich herausgefunden, dass sich das gesuchte Naturwunder in\u2026","rel":"","context":"In &quot;2017&quot;","img":{"alt_text":"","src":"https:\/\/i2.wp.com\/blogs.musikerohnegrenzen.de\/naomimebus\/wp-content\/uploads\/sites\/4\/2017\/09\/DSC01652.jpg?fit=1200%2C900&ssl=1&resize=350%2C200","width":350,"height":200},"classes":[]},{"id":1315,"url":"https:\/\/blogs.musikerohnegrenzen.de\/naomimebus\/2017\/08\/30\/machu-picchu\/","url_meta":{"origin":1342,"position":1},"title":"Machu Picchu","date":"30. August 2017","format":false,"excerpt":"Es ist wahrscheinlich die bekannteste Sehensw\u00fcrdigkeit in Peru. Aber der Weg zu jenem \u201ealten Berg\u201c, wie die Quichua \u00dcbersetzung des Wortes Machu Picchu lautet ist alles andere als leicht. Schon im Voraus hatten wir die Eintrittstickets \u00fcber die offizielle peruanische Webseite f\u00fcr 152 Soles gekauft. Da nach Machu Picchu keine\u2026","rel":"","context":"In &quot;2017&quot;","img":{"alt_text":"","src":"https:\/\/i0.wp.com\/blogs.musikerohnegrenzen.de\/naomimebus\/wp-content\/uploads\/sites\/4\/2017\/09\/DSC01462.jpg?fit=1200%2C900&ssl=1&resize=350%2C200","width":350,"height":200},"classes":[]},{"id":1364,"url":"https:\/\/blogs.musikerohnegrenzen.de\/naomimebus\/2017\/09\/06\/copacabana\/","url_meta":{"origin":1342,"position":2},"title":"Copacabana","date":"6. September 2017","format":false,"excerpt":"Um 22:30 Uhr abends verlassen wir das in die Schatten der Nacht geh\u00fcllte Cusco. Am Terminal Terrestre dr\u00e4ngen sich die Menschen in solchen Mengen, dass wir zuerst \u00fcberhaupt keine Sitzpl\u00e4tze finden. Je sp\u00e4ter es wird, desto leerer wird auch das Terminal. Nur die Tiendas und Busfahrkartenverk\u00e4ufer rufen vermutlich bis sp\u00e4t\u2026","rel":"","context":"In &quot;2017&quot;","img":{"alt_text":"","src":"https:\/\/i2.wp.com\/blogs.musikerohnegrenzen.de\/naomimebus\/wp-content\/uploads\/sites\/4\/2017\/09\/DSC01902.jpg?fit=1200%2C900&ssl=1&resize=350%2C200","width":350,"height":200},"classes":[]},{"id":1468,"url":"https:\/\/blogs.musikerohnegrenzen.de\/naomimebus\/2017\/09\/25\/antofagasta\/","url_meta":{"origin":1342,"position":3},"title":"Antofagasta","date":"25. September 2017","format":false,"excerpt":"Nach einer Fahrt durch eine endlos wirkende W\u00fcste erscheinen endlich vor uns die ersten H\u00e4user. Als Der Bus auf eine gro\u00dfe Stra\u00dfe biegt und den Berg hinunter f\u00e4hrt, erkenne ich am Horizont eine endlos sich blau-grau spiegelnde Fl\u00e4che. Das Meer! Wir sind wieder an der K\u00fcste. Als wir unweit von\u2026","rel":"","context":"In &quot;2017&quot;","img":{"alt_text":"","src":"https:\/\/i0.wp.com\/blogs.musikerohnegrenzen.de\/naomimebus\/wp-content\/uploads\/sites\/4\/2017\/09\/DSC02908.jpg?fit=1200%2C900&ssl=1&resize=350%2C200","width":350,"height":200},"classes":[]},{"id":1417,"url":"https:\/\/blogs.musikerohnegrenzen.de\/naomimebus\/2017\/09\/16\/1417\/","url_meta":{"origin":1342,"position":4},"title":"Sucre und Guadalupe","date":"16. September 2017","format":false,"excerpt":"Von Potos\u00ed aus f\u00e4hrt man etwa drei Stunden bis in die Hauptstadt Boliviens: Sucre. Sucre liegt im Gegensatz zu Potos\u00ed nur auf etwa 2.800 H\u00f6henmetern. Deshalb ist das Klima dort auch deutlich angenehmer. Als wir allerdings am Freitag, den 14. September gegen Vormittag in die Stadt kommen, h\u00e4ngen dichte, graue\u2026","rel":"","context":"In &quot;2017&quot;","img":{"alt_text":"","src":"https:\/\/i2.wp.com\/blogs.musikerohnegrenzen.de\/naomimebus\/wp-content\/uploads\/sites\/4\/2017\/09\/DSC02421-e1507051803974.jpg?fit=900%2C1200&ssl=1&resize=350%2C200","width":350,"height":200},"classes":[]},{"id":101,"url":"https:\/\/blogs.musikerohnegrenzen.de\/naomimebus\/2014\/12\/18\/18-und-19-dezember-weihnachtskonzert\/","url_meta":{"origin":1342,"position":5},"title":"Weihnachtskonzert","date":"18. Dezember 2014","format":false,"excerpt":"Nachdem wir wochenlang mit unseren Sch\u00fclern geprobt hatten, erreichte uns eines Tages, in etwa eine Woche vor dem Konzert, die erschreckende Nachricht, dass am 19. Dezember nicht alle Sch\u00fcler spielen k\u00f6nnten. Das Konzert an eben diesem Tag sollte n\u00e4mlich im \"Centro allem\u00e1n\" zur Begleitung dessen Weihnachtsfeier stattfinden und die Organisatoren\u2026","rel":"","context":"In &quot;2014&quot;","img":{"alt_text":"","src":"https:\/\/i1.wp.com\/blogs.musikerohnegrenzen.de\/naomimebus\/wp-content\/uploads\/sites\/4\/2014\/12\/IMG_1290.jpg?fit=1200%2C675&ssl=1&resize=350%2C200","width":350,"height":200},"classes":[]}],"jetpack_likes_enabled":true,"_links":{"self":[{"href":"https:\/\/blogs.musikerohnegrenzen.de\/naomimebus\/wp-json\/wp\/v2\/posts\/1342"}],"collection":[{"href":"https:\/\/blogs.musikerohnegrenzen.de\/naomimebus\/wp-json\/wp\/v2\/posts"}],"about":[{"href":"https:\/\/blogs.musikerohnegrenzen.de\/naomimebus\/wp-json\/wp\/v2\/types\/post"}],"author":[{"embeddable":true,"href":"https:\/\/blogs.musikerohnegrenzen.de\/naomimebus\/wp-json\/wp\/v2\/users\/4"}],"replies":[{"embeddable":true,"href":"https:\/\/blogs.musikerohnegrenzen.de\/naomimebus\/wp-json\/wp\/v2\/comments?post=1342"}],"version-history":[{"count":1,"href":"https:\/\/blogs.musikerohnegrenzen.de\/naomimebus\/wp-json\/wp\/v2\/posts\/1342\/revisions"}],"predecessor-version":[{"id":1357,"href":"https:\/\/blogs.musikerohnegrenzen.de\/naomimebus\/wp-json\/wp\/v2\/posts\/1342\/revisions\/1357"}],"wp:featuredmedia":[{"embeddable":true,"href":"https:\/\/blogs.musikerohnegrenzen.de\/naomimebus\/wp-json\/wp\/v2\/media\/1349"}],"wp:attachment":[{"href":"https:\/\/blogs.musikerohnegrenzen.de\/naomimebus\/wp-json\/wp\/v2\/media?parent=1342"}],"wp:term":[{"taxonomy":"category","embeddable":true,"href":"https:\/\/blogs.musikerohnegrenzen.de\/naomimebus\/wp-json\/wp\/v2\/categories?post=1342"},{"taxonomy":"post_tag","embeddable":true,"href":"https:\/\/blogs.musikerohnegrenzen.de\/naomimebus\/wp-json\/wp\/v2\/tags?post=1342"}],"curies":[{"name":"wp","href":"https:\/\/api.w.org\/{rel}","templated":true}]}}