{"id":60,"date":"2016-09-02T20:54:05","date_gmt":"2016-09-02T18:54:05","guid":{"rendered":"http:\/\/turtlemilan.musikerohnegrenzen.de\/?p=60"},"modified":"2016-09-02T20:54:05","modified_gmt":"2016-09-02T18:54:05","slug":"flug-ankunft-in-ecuador-guayaquil","status":"publish","type":"post","link":"https:\/\/blogs.musikerohnegrenzen.de\/milanskusa\/2016\/09\/02\/flug-ankunft-in-ecuador-guayaquil\/","title":{"rendered":"Flug &amp; Ankunft in Ecuador, Guayaquil"},"content":{"rendered":"<p>Seit zwei Tagen bin ich nun gemeinsam mit Annika, einer weiteren Freiwilligen, in Guayaquil, der gr\u00f6\u00dften Stadt Ecuadors.<\/p>\n<p>Der 14-st\u00fcndige Flug nach S\u00fcdamerika verlief problemlos, unterbrochen nur von einem geplanten, kurzen Zwischenstopp in Quito, der Hauptstadt Ecuadors.<\/p>\n<p>Bevor es auf die Galapagos-Inseln weitergehen kann, sind wir hier in einer Gastfamilie untergebracht, die uns trotz aller Kommunikationsschwierigkeiten unglaublich hilfsbereit und gastfreundlich mit Rat und Tat zur Seite steht. In dieser Familie leben auch ein 12-j\u00e4hriges M\u00e4dchen und ein 13-j\u00e4hriger Junge, die ein wenig Englisch k\u00f6nnen. Annika und ich verbringen viel Zeit mit den Beiden -wir h\u00f6ren gemeinsam Musik, spielen Karten oder lernen mit ihnen Spanisch&#8230;<\/p>\n<p>Am ersten Morgen erwartete mich erst einmal eine \u00dcberraschung: kaltes Wasser zum Duschen und Kakerlaken im Bad. Nicht unbedingt Meins, aber man gew\u00f6hnt sich an alles.<br \/>\nEin weiteres Abenteuer sind die Autofahrten mit Pedro, der ebenfalls in der Gastfamilie lebt und uns begleitet: 90km\/h innerorts; hupen statt Verkehrsregeln beachten; keine R\u00fccksichtnahme auf Fu\u00dfg\u00e4nger; es gibt keine Fu\u00dfg\u00e4ngerampeln; Verst\u00e4ndigung unter Verkehrsteilnehmern l\u00e4uft nur \u00fcber Blickkontakt&#8230;<\/p>\n<p>Die ersten beiden Tage verliefen sehr \u00e4hnlich. Morgens verbrachten wir jeweils einige Stunden auf dem Amt damit, uns das Visum best\u00e4tigen zu lassen und den Reisepass zu kopieren. Nach vielen langen Wartezeiten haben wir heute vormittag nun endlich unseren Reisepass zur\u00fcckbekommen und konnten unseren Flug auf die Galapagos-Inseln buchen.<br \/>\nDie ganze Zeit war Pedro an unserer Seite, da es zu gef\u00e4hrlich w\u00e4re, uns alleine durch Guayaquil zu bewegen. Pedro kann zwar kein Englisch, spricht aber ein so ausdrucksstarkes Spanisch, dass wir auch ohne Vorkenntnisse erahnen k\u00f6nnen, was er meint.<\/p>\n<p>Morgen fr\u00fch um 5 Uhr werden wir uns auf den Weg zum Flughafen machen, von wo aus wir dann um 8 Uhr nach Baltra, einer der Galapagos-Inseln starten werden.<br \/>\nAuch wenn ich mich in der Familie sehr wohl&nbsp;f\u00fchle, kann ich es doch kaum erwarten, endlich am endg\u00fcltigen Ziel anzukommen, wo ich f\u00fcr die n\u00e4chsten Monate zu Hause sein werde, und&nbsp;auf zwei weitere Freiwillige treffen werde und Klavier unterrichte.<\/p>\n<p>&nbsp;<\/p>\n<div class=\"tiled-gallery type-rectangular tiled-gallery-unresized\" data-original-width=\"960\" data-carousel-extra='{&quot;blog_id&quot;:20,&quot;permalink&quot;:&quot;https:\\\/\\\/blogs.musikerohnegrenzen.de\\\/milanskusa\\\/2016\\\/09\\\/02\\\/flug-ankunft-in-ecuador-guayaquil\\\/&quot;,&quot;likes_blog_id&quot;:133870284}' itemscope itemtype=\"http:\/\/schema.org\/ImageGallery\" > <div class=\"gallery-row\" style=\"width: 960px; height: 639px;\" data-original-width=\"960\" data-original-height=\"639\" > <div class=\"gallery-group images-1\" style=\"width: 480px; height: 639px;\" data-original-width=\"480\" data-original-height=\"639\" > <div class=\"tiled-gallery-item tiled-gallery-item-large\" itemprop=\"associatedMedia\" itemscope itemtype=\"http:\/\/schema.org\/ImageObject\"> <a href=\"https:\/\/blogs.musikerohnegrenzen.de\/milanskusa\/eintrag-2-guayaquil-21\/\" border=\"0\" itemprop=\"url\"> <meta itemprop=\"width\" content=\"476\"> <meta itemprop=\"height\" content=\"635\"> <img data-attachment-id=\"57\" data-orig-file=\"https:\/\/blogs.musikerohnegrenzen.de\/milanskusa\/wp-content\/uploads\/sites\/20\/2016\/09\/Eintrag-2-Guayaquil-21.jpg\" data-orig-size=\"768,1024\" data-comments-opened=\"1\" data-image-meta=\"{&quot;aperture&quot;:&quot;2.2&quot;,&quot;credit&quot;:&quot;&quot;,&quot;camera&quot;:&quot;iPhone 6s&quot;,&quot;caption&quot;:&quot;&quot;,&quot;created_timestamp&quot;:&quot;1472625713&quot;,&quot;copyright&quot;:&quot;&quot;,&quot;focal_length&quot;:&quot;4.15&quot;,&quot;iso&quot;:&quot;50&quot;,&quot;shutter_speed&quot;:&quot;0.030303030303&quot;,&quot;title&quot;:&quot;&quot;,&quot;orientation&quot;:&quot;1&quot;}\" data-image-title=\"Auf dem Weg zum Flughafen nach Amsterdam\" data-image-description=\"\" data-medium-file=\"https:\/\/i1.wp.com\/blogs.musikerohnegrenzen.de\/milanskusa\/wp-content\/uploads\/sites\/20\/2016\/09\/Eintrag-2-Guayaquil-21.jpg?fit=225%2C300&#038;ssl=1\" data-large-file=\"https:\/\/i1.wp.com\/blogs.musikerohnegrenzen.de\/milanskusa\/wp-content\/uploads\/sites\/20\/2016\/09\/Eintrag-2-Guayaquil-21.jpg?fit=768%2C1024&#038;ssl=1\" src=\"https:\/\/i1.wp.com\/blogs.musikerohnegrenzen.de\/milanskusa\/wp-content\/uploads\/sites\/20\/2016\/09\/Eintrag-2-Guayaquil-21.jpg?w=476&#038;h=635&#038;ssl=1\" width=\"476\" height=\"635\" data-original-width=\"476\" data-original-height=\"635\" itemprop=\"http:\/\/schema.org\/image\" title=\"Auf dem Weg zum Flughafen nach Amsterdam\" alt=\"Auf dem Weg zum Flughafen nach Amsterdam\" style=\"width: 476px; height: 635px;\" \/> <\/a> <\/div> <\/div> <!-- close group --> <div class=\"gallery-group images-1\" style=\"width: 480px; height: 639px;\" data-original-width=\"480\" data-original-height=\"639\" > <div class=\"tiled-gallery-item tiled-gallery-item-large\" itemprop=\"associatedMedia\" itemscope itemtype=\"http:\/\/schema.org\/ImageObject\"> <a href=\"https:\/\/blogs.musikerohnegrenzen.de\/milanskusa\/eintrag-2-guayaquil-19\/\" border=\"0\" itemprop=\"url\"> <meta itemprop=\"width\" content=\"476\"> <meta itemprop=\"height\" content=\"635\"> <img data-attachment-id=\"55\" data-orig-file=\"https:\/\/blogs.musikerohnegrenzen.de\/milanskusa\/wp-content\/uploads\/sites\/20\/2016\/09\/Eintrag-2-Guayaquil-19.jpg\" data-orig-size=\"768,1024\" data-comments-opened=\"1\" data-image-meta=\"{&quot;aperture&quot;:&quot;2.2&quot;,&quot;credit&quot;:&quot;&quot;,&quot;camera&quot;:&quot;iPhone 6s&quot;,&quot;caption&quot;:&quot;&quot;,&quot;created_timestamp&quot;:&quot;1472629750&quot;,&quot;copyright&quot;:&quot;&quot;,&quot;focal_length&quot;:&quot;4.15&quot;,&quot;iso&quot;:&quot;25&quot;,&quot;shutter_speed&quot;:&quot;0.00225225225225&quot;,&quot;title&quot;:&quot;&quot;,&quot;orientation&quot;:&quot;1&quot;}\" data-image-title=\"Letzten Minuten vor dem Abflug\" data-image-description=\"\" data-medium-file=\"https:\/\/i0.wp.com\/blogs.musikerohnegrenzen.de\/milanskusa\/wp-content\/uploads\/sites\/20\/2016\/09\/Eintrag-2-Guayaquil-19.jpg?fit=225%2C300&#038;ssl=1\" data-large-file=\"https:\/\/i0.wp.com\/blogs.musikerohnegrenzen.de\/milanskusa\/wp-content\/uploads\/sites\/20\/2016\/09\/Eintrag-2-Guayaquil-19.jpg?fit=768%2C1024&#038;ssl=1\" src=\"https:\/\/i0.wp.com\/blogs.musikerohnegrenzen.de\/milanskusa\/wp-content\/uploads\/sites\/20\/2016\/09\/Eintrag-2-Guayaquil-19.jpg?w=476&#038;h=635&#038;ssl=1\" width=\"476\" height=\"635\" data-original-width=\"476\" data-original-height=\"635\" itemprop=\"http:\/\/schema.org\/image\" title=\"Letzten Minuten vor dem Abflug\" alt=\"Letzten Minuten vor dem Abflug\" style=\"width: 476px; height: 635px;\" \/> <\/a> <\/div> <\/div> <!-- close group --> <\/div> <!-- close row --> <div class=\"gallery-row\" style=\"width: 960px; height: 804px;\" data-original-width=\"960\" data-original-height=\"804\" > <div class=\"gallery-group images-3\" style=\"width: 356px; height: 804px;\" data-original-width=\"356\" data-original-height=\"804\" > <div class=\"tiled-gallery-item tiled-gallery-item-large\" itemprop=\"associatedMedia\" itemscope itemtype=\"http:\/\/schema.org\/ImageObject\"> <a href=\"https:\/\/blogs.musikerohnegrenzen.de\/milanskusa\/eintrag-2-guayaquil-20\/\" border=\"0\" itemprop=\"url\"> <meta itemprop=\"width\" content=\"352\"> <meta itemprop=\"height\" content=\"264\"> <img data-attachment-id=\"56\" data-orig-file=\"https:\/\/blogs.musikerohnegrenzen.de\/milanskusa\/wp-content\/uploads\/sites\/20\/2016\/09\/Eintrag-2-Guayaquil-20.jpg\" data-orig-size=\"1024,768\" data-comments-opened=\"1\" data-image-meta=\"{&quot;aperture&quot;:&quot;2.2&quot;,&quot;credit&quot;:&quot;&quot;,&quot;camera&quot;:&quot;iPhone 6s&quot;,&quot;caption&quot;:&quot;&quot;,&quot;created_timestamp&quot;:&quot;1472639131&quot;,&quot;copyright&quot;:&quot;&quot;,&quot;focal_length&quot;:&quot;4.15&quot;,&quot;iso&quot;:&quot;25&quot;,&quot;shutter_speed&quot;:&quot;0.000481000481&quot;,&quot;title&quot;:&quot;&quot;,&quot;orientation&quot;:&quot;1&quot;}\" data-image-title=\"Auf dem Rollfeld&#8230;\" data-image-description=\"\" data-medium-file=\"https:\/\/i0.wp.com\/blogs.musikerohnegrenzen.de\/milanskusa\/wp-content\/uploads\/sites\/20\/2016\/09\/Eintrag-2-Guayaquil-20.jpg?fit=300%2C225&#038;ssl=1\" data-large-file=\"https:\/\/i0.wp.com\/blogs.musikerohnegrenzen.de\/milanskusa\/wp-content\/uploads\/sites\/20\/2016\/09\/Eintrag-2-Guayaquil-20.jpg?fit=960%2C720&#038;ssl=1\" src=\"https:\/\/i0.wp.com\/blogs.musikerohnegrenzen.de\/milanskusa\/wp-content\/uploads\/sites\/20\/2016\/09\/Eintrag-2-Guayaquil-20.jpg?w=352&#038;h=264&#038;ssl=1\" width=\"352\" height=\"264\" data-original-width=\"352\" data-original-height=\"264\" itemprop=\"http:\/\/schema.org\/image\" title=\"Auf dem Rollfeld...\" alt=\"Auf dem Rollfeld...\" style=\"width: 352px; height: 264px;\" \/> <\/a> <\/div> <div class=\"tiled-gallery-item tiled-gallery-item-large\" itemprop=\"associatedMedia\" itemscope itemtype=\"http:\/\/schema.org\/ImageObject\"> <a href=\"https:\/\/blogs.musikerohnegrenzen.de\/milanskusa\/eintrag-2-guayaquil-18\/\" border=\"0\" itemprop=\"url\"> <meta itemprop=\"width\" content=\"352\"> <meta itemprop=\"height\" content=\"264\"> <img data-attachment-id=\"54\" data-orig-file=\"https:\/\/blogs.musikerohnegrenzen.de\/milanskusa\/wp-content\/uploads\/sites\/20\/2016\/09\/Eintrag-2-Guayaquil-18.jpg\" data-orig-size=\"1024,768\" data-comments-opened=\"1\" data-image-meta=\"{&quot;aperture&quot;:&quot;2.2&quot;,&quot;credit&quot;:&quot;&quot;,&quot;camera&quot;:&quot;iPhone 6s&quot;,&quot;caption&quot;:&quot;&quot;,&quot;created_timestamp&quot;:&quot;1472654249&quot;,&quot;copyright&quot;:&quot;&quot;,&quot;focal_length&quot;:&quot;4.15&quot;,&quot;iso&quot;:&quot;25&quot;,&quot;shutter_speed&quot;:&quot;0.000494071146245&quot;,&quot;title&quot;:&quot;&quot;,&quot;orientation&quot;:&quot;1&quot;}\" data-image-title=\"Ecuadorianische Landschaft\" data-image-description=\"\" data-medium-file=\"https:\/\/i2.wp.com\/blogs.musikerohnegrenzen.de\/milanskusa\/wp-content\/uploads\/sites\/20\/2016\/09\/Eintrag-2-Guayaquil-18.jpg?fit=300%2C225&#038;ssl=1\" data-large-file=\"https:\/\/i2.wp.com\/blogs.musikerohnegrenzen.de\/milanskusa\/wp-content\/uploads\/sites\/20\/2016\/09\/Eintrag-2-Guayaquil-18.jpg?fit=960%2C720&#038;ssl=1\" src=\"https:\/\/i2.wp.com\/blogs.musikerohnegrenzen.de\/milanskusa\/wp-content\/uploads\/sites\/20\/2016\/09\/Eintrag-2-Guayaquil-18.jpg?w=352&#038;h=264&#038;ssl=1\" width=\"352\" height=\"264\" data-original-width=\"352\" data-original-height=\"264\" itemprop=\"http:\/\/schema.org\/image\" title=\"Ecuadorianische Landschaft\" alt=\"Ecuadorianische Landschaft\" style=\"width: 352px; height: 264px;\" \/> <\/a> <\/div> <div class=\"tiled-gallery-item tiled-gallery-item-large\" itemprop=\"associatedMedia\" itemscope itemtype=\"http:\/\/schema.org\/ImageObject\"> <a href=\"https:\/\/blogs.musikerohnegrenzen.de\/milanskusa\/eintrag-2-guayaquil-17\/\" border=\"0\" itemprop=\"url\"> <meta itemprop=\"width\" content=\"352\"> <meta itemprop=\"height\" content=\"264\"> <img data-attachment-id=\"53\" data-orig-file=\"https:\/\/blogs.musikerohnegrenzen.de\/milanskusa\/wp-content\/uploads\/sites\/20\/2016\/09\/Eintrag-2-Guayaquil-17.jpg\" data-orig-size=\"1024,768\" data-comments-opened=\"1\" data-image-meta=\"{&quot;aperture&quot;:&quot;2.2&quot;,&quot;credit&quot;:&quot;&quot;,&quot;camera&quot;:&quot;iPhone 6s&quot;,&quot;caption&quot;:&quot;&quot;,&quot;created_timestamp&quot;:&quot;1472661648&quot;,&quot;copyright&quot;:&quot;&quot;,&quot;focal_length&quot;:&quot;4.15&quot;,&quot;iso&quot;:&quot;25&quot;,&quot;shutter_speed&quot;:&quot;0.000636942675159&quot;,&quot;title&quot;:&quot;&quot;,&quot;orientation&quot;:&quot;1&quot;}\" data-image-title=\"Zwischenstopp in Quito\" data-image-description=\"\" data-medium-file=\"https:\/\/i2.wp.com\/blogs.musikerohnegrenzen.de\/milanskusa\/wp-content\/uploads\/sites\/20\/2016\/09\/Eintrag-2-Guayaquil-17.jpg?fit=300%2C225&#038;ssl=1\" data-large-file=\"https:\/\/i2.wp.com\/blogs.musikerohnegrenzen.de\/milanskusa\/wp-content\/uploads\/sites\/20\/2016\/09\/Eintrag-2-Guayaquil-17.jpg?fit=960%2C720&#038;ssl=1\" src=\"https:\/\/i2.wp.com\/blogs.musikerohnegrenzen.de\/milanskusa\/wp-content\/uploads\/sites\/20\/2016\/09\/Eintrag-2-Guayaquil-17.jpg?w=352&#038;h=264&#038;ssl=1\" width=\"352\" height=\"264\" data-original-width=\"352\" data-original-height=\"264\" itemprop=\"http:\/\/schema.org\/image\" title=\"Zwischenstopp in Quito\" alt=\"Zwischenstopp in Quito\" style=\"width: 352px; height: 264px;\" \/> <\/a> <\/div> <\/div> <!-- close group --> <div class=\"gallery-group images-1\" style=\"width: 604px; height: 804px;\" data-original-width=\"604\" data-original-height=\"804\" > <div class=\"tiled-gallery-item tiled-gallery-item-large\" itemprop=\"associatedMedia\" itemscope itemtype=\"http:\/\/schema.org\/ImageObject\"> <a href=\"https:\/\/blogs.musikerohnegrenzen.de\/milanskusa\/eintrag-2-guayaquil-16\/\" border=\"0\" itemprop=\"url\"> <meta itemprop=\"width\" content=\"600\"> <meta itemprop=\"height\" content=\"800\"> <img data-attachment-id=\"52\" data-orig-file=\"https:\/\/blogs.musikerohnegrenzen.de\/milanskusa\/wp-content\/uploads\/sites\/20\/2016\/09\/Eintrag-2-Guayaquil-16.jpg\" data-orig-size=\"768,1024\" data-comments-opened=\"1\" data-image-meta=\"{&quot;aperture&quot;:&quot;2.2&quot;,&quot;credit&quot;:&quot;&quot;,&quot;camera&quot;:&quot;iPhone 6s&quot;,&quot;caption&quot;:&quot;&quot;,&quot;created_timestamp&quot;:&quot;1472671948&quot;,&quot;copyright&quot;:&quot;&quot;,&quot;focal_length&quot;:&quot;4.15&quot;,&quot;iso&quot;:&quot;1250&quot;,&quot;shutter_speed&quot;:&quot;0.0666666666667&quot;,&quot;title&quot;:&quot;&quot;,&quot;orientation&quot;:&quot;1&quot;}\" data-image-title=\"Ankunft im Dunkeln\" data-image-description=\"\" data-medium-file=\"https:\/\/i1.wp.com\/blogs.musikerohnegrenzen.de\/milanskusa\/wp-content\/uploads\/sites\/20\/2016\/09\/Eintrag-2-Guayaquil-16.jpg?fit=225%2C300&#038;ssl=1\" data-large-file=\"https:\/\/i1.wp.com\/blogs.musikerohnegrenzen.de\/milanskusa\/wp-content\/uploads\/sites\/20\/2016\/09\/Eintrag-2-Guayaquil-16.jpg?fit=768%2C1024&#038;ssl=1\" src=\"https:\/\/i1.wp.com\/blogs.musikerohnegrenzen.de\/milanskusa\/wp-content\/uploads\/sites\/20\/2016\/09\/Eintrag-2-Guayaquil-16.jpg?w=600&#038;h=800&#038;ssl=1\" width=\"600\" height=\"800\" data-original-width=\"600\" data-original-height=\"800\" itemprop=\"http:\/\/schema.org\/image\" title=\"Ankunft im Dunkeln\" alt=\"Ankunft im Dunkeln\" style=\"width: 600px; height: 800px;\" \/> <\/a> <\/div> <\/div> <!-- close group --> <\/div> <!-- close row --> <div class=\"gallery-row\" style=\"width: 960px; height: 319px;\" data-original-width=\"960\" data-original-height=\"319\" > <div class=\"gallery-group images-1\" style=\"width: 240px; height: 319px;\" data-original-width=\"240\" data-original-height=\"319\" > <div class=\"tiled-gallery-item tiled-gallery-item-small\" itemprop=\"associatedMedia\" itemscope itemtype=\"http:\/\/schema.org\/ImageObject\"> <a href=\"https:\/\/blogs.musikerohnegrenzen.de\/milanskusa\/eintrag-2-guayaquil-4\/\" border=\"0\" itemprop=\"url\"> <meta itemprop=\"width\" content=\"236\"> <meta itemprop=\"height\" content=\"315\"> <img data-attachment-id=\"40\" data-orig-file=\"https:\/\/blogs.musikerohnegrenzen.de\/milanskusa\/wp-content\/uploads\/sites\/20\/2016\/09\/Eintrag-2-Guayaquil-4.jpg\" data-orig-size=\"768,1024\" data-comments-opened=\"1\" data-image-meta=\"{&quot;aperture&quot;:&quot;2.2&quot;,&quot;credit&quot;:&quot;&quot;,&quot;camera&quot;:&quot;iPhone 6s&quot;,&quot;caption&quot;:&quot;&quot;,&quot;created_timestamp&quot;:&quot;1472816525&quot;,&quot;copyright&quot;:&quot;&quot;,&quot;focal_length&quot;:&quot;4.15&quot;,&quot;iso&quot;:&quot;25&quot;,&quot;shutter_speed&quot;:&quot;0.00102669404517&quot;,&quot;title&quot;:&quot;&quot;,&quot;orientation&quot;:&quot;1&quot;}\" data-image-title=\"Eingang zu unserem Haus\" data-image-description=\"\" data-medium-file=\"https:\/\/i0.wp.com\/blogs.musikerohnegrenzen.de\/milanskusa\/wp-content\/uploads\/sites\/20\/2016\/09\/Eintrag-2-Guayaquil-4.jpg?fit=225%2C300&#038;ssl=1\" data-large-file=\"https:\/\/i0.wp.com\/blogs.musikerohnegrenzen.de\/milanskusa\/wp-content\/uploads\/sites\/20\/2016\/09\/Eintrag-2-Guayaquil-4.jpg?fit=768%2C1024&#038;ssl=1\" src=\"https:\/\/i0.wp.com\/blogs.musikerohnegrenzen.de\/milanskusa\/wp-content\/uploads\/sites\/20\/2016\/09\/Eintrag-2-Guayaquil-4.jpg?w=236&#038;h=315&#038;ssl=1\" width=\"236\" height=\"315\" data-original-width=\"236\" data-original-height=\"315\" itemprop=\"http:\/\/schema.org\/image\" title=\"Eingang zu unserem Haus\" alt=\"Eingang zu unserem Haus\" style=\"width: 236px; height: 315px;\" \/> <\/a> <\/div> <\/div> <!-- close group --> <div class=\"gallery-group images-1\" style=\"width: 240px; height: 319px;\" data-original-width=\"240\" data-original-height=\"319\" > <div class=\"tiled-gallery-item tiled-gallery-item-small\" itemprop=\"associatedMedia\" itemscope itemtype=\"http:\/\/schema.org\/ImageObject\"> <a href=\"https:\/\/blogs.musikerohnegrenzen.de\/milanskusa\/eintrag-2-guayaquil-14\/\" border=\"0\" itemprop=\"url\"> <meta itemprop=\"width\" content=\"236\"> <meta itemprop=\"height\" content=\"315\"> <img data-attachment-id=\"50\" data-orig-file=\"https:\/\/blogs.musikerohnegrenzen.de\/milanskusa\/wp-content\/uploads\/sites\/20\/2016\/09\/Eintrag-2-Guayaquil-14.jpg\" data-orig-size=\"768,1024\" data-comments-opened=\"1\" data-image-meta=\"{&quot;aperture&quot;:&quot;2.2&quot;,&quot;credit&quot;:&quot;&quot;,&quot;camera&quot;:&quot;iPhone 6s&quot;,&quot;caption&quot;:&quot;&quot;,&quot;created_timestamp&quot;:&quot;1472745340&quot;,&quot;copyright&quot;:&quot;&quot;,&quot;focal_length&quot;:&quot;4.15&quot;,&quot;iso&quot;:&quot;25&quot;,&quot;shutter_speed&quot;:&quot;0.000701754385965&quot;,&quot;title&quot;:&quot;&quot;,&quot;orientation&quot;:&quot;1&quot;}\" data-image-title=\"Typische Stra\u00dfenecke\" data-image-description=\"\" data-medium-file=\"https:\/\/i2.wp.com\/blogs.musikerohnegrenzen.de\/milanskusa\/wp-content\/uploads\/sites\/20\/2016\/09\/Eintrag-2-Guayaquil-14.jpg?fit=225%2C300&#038;ssl=1\" data-large-file=\"https:\/\/i2.wp.com\/blogs.musikerohnegrenzen.de\/milanskusa\/wp-content\/uploads\/sites\/20\/2016\/09\/Eintrag-2-Guayaquil-14.jpg?fit=768%2C1024&#038;ssl=1\" src=\"https:\/\/i2.wp.com\/blogs.musikerohnegrenzen.de\/milanskusa\/wp-content\/uploads\/sites\/20\/2016\/09\/Eintrag-2-Guayaquil-14.jpg?w=236&#038;h=315&#038;ssl=1\" width=\"236\" height=\"315\" data-original-width=\"236\" data-original-height=\"315\" itemprop=\"http:\/\/schema.org\/image\" title=\"Typische Stra\u00dfenecke\" alt=\"Typische Stra\u00dfenecke\" style=\"width: 236px; height: 315px;\" \/> <\/a> <\/div> <\/div> <!-- close group --> <div class=\"gallery-group images-1\" style=\"width: 240px; height: 319px;\" data-original-width=\"240\" data-original-height=\"319\" > <div class=\"tiled-gallery-item tiled-gallery-item-small\" itemprop=\"associatedMedia\" itemscope itemtype=\"http:\/\/schema.org\/ImageObject\"> <a href=\"https:\/\/blogs.musikerohnegrenzen.de\/milanskusa\/eintrag-2-guayaquil-1\/\" border=\"0\" itemprop=\"url\"> <meta itemprop=\"width\" content=\"236\"> <meta itemprop=\"height\" content=\"315\"> <img data-attachment-id=\"38\" data-orig-file=\"https:\/\/blogs.musikerohnegrenzen.de\/milanskusa\/wp-content\/uploads\/sites\/20\/2016\/09\/Eintrag-2-Guayaquil-1.jpg\" data-orig-size=\"768,1024\" data-comments-opened=\"1\" data-image-meta=\"{&quot;aperture&quot;:&quot;2.2&quot;,&quot;credit&quot;:&quot;&quot;,&quot;camera&quot;:&quot;iPhone 6s&quot;,&quot;caption&quot;:&quot;&quot;,&quot;created_timestamp&quot;:&quot;1472814314&quot;,&quot;copyright&quot;:&quot;&quot;,&quot;focal_length&quot;:&quot;4.15&quot;,&quot;iso&quot;:&quot;100&quot;,&quot;shutter_speed&quot;:&quot;0.0333333333333&quot;,&quot;title&quot;:&quot;&quot;,&quot;orientation&quot;:&quot;1&quot;}\" data-image-title=\"Morgendlicher Snack nach dem Gang zum Amt I\" data-image-description=\"\" data-medium-file=\"https:\/\/i1.wp.com\/blogs.musikerohnegrenzen.de\/milanskusa\/wp-content\/uploads\/sites\/20\/2016\/09\/Eintrag-2-Guayaquil-1.jpg?fit=225%2C300&#038;ssl=1\" data-large-file=\"https:\/\/i1.wp.com\/blogs.musikerohnegrenzen.de\/milanskusa\/wp-content\/uploads\/sites\/20\/2016\/09\/Eintrag-2-Guayaquil-1.jpg?fit=768%2C1024&#038;ssl=1\" src=\"https:\/\/i1.wp.com\/blogs.musikerohnegrenzen.de\/milanskusa\/wp-content\/uploads\/sites\/20\/2016\/09\/Eintrag-2-Guayaquil-1.jpg?w=236&#038;h=315&#038;ssl=1\" width=\"236\" height=\"315\" data-original-width=\"236\" data-original-height=\"315\" itemprop=\"http:\/\/schema.org\/image\" title=\"Morgendlicher Snack nach dem Gang zum Amt I\" alt=\"Morgendlicher Snack nach dem Gang zum Amt I\" style=\"width: 236px; height: 315px;\" \/> <\/a> <\/div> <\/div> <!-- close group --> <div class=\"gallery-group images-1\" style=\"width: 240px; height: 319px;\" data-original-width=\"240\" data-original-height=\"319\" > <div class=\"tiled-gallery-item tiled-gallery-item-small\" itemprop=\"associatedMedia\" itemscope itemtype=\"http:\/\/schema.org\/ImageObject\"> <a href=\"https:\/\/blogs.musikerohnegrenzen.de\/milanskusa\/eintrag-2-guayaquil-8\/\" border=\"0\" itemprop=\"url\"> <meta itemprop=\"width\" content=\"236\"> <meta itemprop=\"height\" content=\"315\"> <img data-attachment-id=\"44\" data-orig-file=\"https:\/\/blogs.musikerohnegrenzen.de\/milanskusa\/wp-content\/uploads\/sites\/20\/2016\/09\/Eintrag-2-Guayaquil-8.jpg\" data-orig-size=\"768,1024\" data-comments-opened=\"1\" data-image-meta=\"{&quot;aperture&quot;:&quot;2.2&quot;,&quot;credit&quot;:&quot;&quot;,&quot;camera&quot;:&quot;iPhone 6s&quot;,&quot;caption&quot;:&quot;&quot;,&quot;created_timestamp&quot;:&quot;1472814295&quot;,&quot;copyright&quot;:&quot;&quot;,&quot;focal_length&quot;:&quot;4.15&quot;,&quot;iso&quot;:&quot;64&quot;,&quot;shutter_speed&quot;:&quot;0.0333333333333&quot;,&quot;title&quot;:&quot;&quot;,&quot;orientation&quot;:&quot;1&quot;}\" data-image-title=\"Morgendlicher Snack nach dem Gang zum Amt II\" data-image-description=\"\" data-medium-file=\"https:\/\/i0.wp.com\/blogs.musikerohnegrenzen.de\/milanskusa\/wp-content\/uploads\/sites\/20\/2016\/09\/Eintrag-2-Guayaquil-8.jpg?fit=225%2C300&#038;ssl=1\" data-large-file=\"https:\/\/i0.wp.com\/blogs.musikerohnegrenzen.de\/milanskusa\/wp-content\/uploads\/sites\/20\/2016\/09\/Eintrag-2-Guayaquil-8.jpg?fit=768%2C1024&#038;ssl=1\" src=\"https:\/\/i0.wp.com\/blogs.musikerohnegrenzen.de\/milanskusa\/wp-content\/uploads\/sites\/20\/2016\/09\/Eintrag-2-Guayaquil-8.jpg?w=236&#038;h=315&#038;ssl=1\" width=\"236\" height=\"315\" data-original-width=\"236\" data-original-height=\"315\" itemprop=\"http:\/\/schema.org\/image\" title=\"Morgendlicher Snack nach dem Gang zum Amt II\" alt=\"Morgendlicher Snack nach dem Gang zum Amt II\" style=\"width: 236px; height: 315px;\" \/> <\/a> <\/div> <\/div> <!-- close group --> <\/div> <!-- close row --> <div class=\"gallery-row\" style=\"width: 960px; height: 425px;\" data-original-width=\"960\" data-original-height=\"425\" > <div class=\"gallery-group images-1\" style=\"width: 320px; height: 425px;\" data-original-width=\"320\" data-original-height=\"425\" > <div class=\"tiled-gallery-item tiled-gallery-item-large\" itemprop=\"associatedMedia\" itemscope itemtype=\"http:\/\/schema.org\/ImageObject\"> <a href=\"https:\/\/blogs.musikerohnegrenzen.de\/milanskusa\/eintrag-2-guayaquil-12\/\" border=\"0\" itemprop=\"url\"> <meta itemprop=\"width\" content=\"316\"> <meta itemprop=\"height\" content=\"421\"> <img data-attachment-id=\"48\" data-orig-file=\"https:\/\/blogs.musikerohnegrenzen.de\/milanskusa\/wp-content\/uploads\/sites\/20\/2016\/09\/Eintrag-2-Guayaquil-12.jpg\" data-orig-size=\"768,1024\" data-comments-opened=\"1\" data-image-meta=\"{&quot;aperture&quot;:&quot;2.2&quot;,&quot;credit&quot;:&quot;&quot;,&quot;camera&quot;:&quot;iPhone 6s&quot;,&quot;caption&quot;:&quot;&quot;,&quot;created_timestamp&quot;:&quot;1472724676&quot;,&quot;copyright&quot;:&quot;&quot;,&quot;focal_length&quot;:&quot;4.15&quot;,&quot;iso&quot;:&quot;25&quot;,&quot;shutter_speed&quot;:&quot;0.00806451612903&quot;,&quot;title&quot;:&quot;&quot;,&quot;orientation&quot;:&quot;1&quot;}\" data-image-title=\"Morgendlicher Snack nach dem Gang zum Amt III\" data-image-description=\"\" data-medium-file=\"https:\/\/i1.wp.com\/blogs.musikerohnegrenzen.de\/milanskusa\/wp-content\/uploads\/sites\/20\/2016\/09\/Eintrag-2-Guayaquil-12.jpg?fit=225%2C300&#038;ssl=1\" data-large-file=\"https:\/\/i1.wp.com\/blogs.musikerohnegrenzen.de\/milanskusa\/wp-content\/uploads\/sites\/20\/2016\/09\/Eintrag-2-Guayaquil-12.jpg?fit=768%2C1024&#038;ssl=1\" src=\"https:\/\/i1.wp.com\/blogs.musikerohnegrenzen.de\/milanskusa\/wp-content\/uploads\/sites\/20\/2016\/09\/Eintrag-2-Guayaquil-12.jpg?w=316&#038;h=421&#038;ssl=1\" width=\"316\" height=\"421\" data-original-width=\"316\" data-original-height=\"421\" itemprop=\"http:\/\/schema.org\/image\" title=\"Morgendlicher Snack nach dem Gang zum Amt III\" alt=\"Morgendlicher Snack nach dem Gang zum Amt III\" style=\"width: 316px; height: 421px;\" \/> <\/a> <\/div> <\/div> <!-- close group --> <div class=\"gallery-group images-1\" style=\"width: 320px; height: 425px;\" data-original-width=\"320\" data-original-height=\"425\" > <div class=\"tiled-gallery-item tiled-gallery-item-large\" itemprop=\"associatedMedia\" itemscope itemtype=\"http:\/\/schema.org\/ImageObject\"> <a href=\"https:\/\/blogs.musikerohnegrenzen.de\/milanskusa\/eintrag-2-guayaquil-15\/\" border=\"0\" itemprop=\"url\"> <meta itemprop=\"width\" content=\"316\"> <meta itemprop=\"height\" content=\"421\"> <img data-attachment-id=\"51\" data-orig-file=\"https:\/\/blogs.musikerohnegrenzen.de\/milanskusa\/wp-content\/uploads\/sites\/20\/2016\/09\/Eintrag-2-Guayaquil-15.jpg\" data-orig-size=\"768,1024\" data-comments-opened=\"1\" data-image-meta=\"{&quot;aperture&quot;:&quot;2.2&quot;,&quot;credit&quot;:&quot;&quot;,&quot;camera&quot;:&quot;iPhone 6s&quot;,&quot;caption&quot;:&quot;&quot;,&quot;created_timestamp&quot;:&quot;1472808600&quot;,&quot;copyright&quot;:&quot;&quot;,&quot;focal_length&quot;:&quot;4.15&quot;,&quot;iso&quot;:&quot;25&quot;,&quot;shutter_speed&quot;:&quot;0.000754147812971&quot;,&quot;title&quot;:&quot;&quot;,&quot;orientation&quot;:&quot;1&quot;}\" data-image-title=\"Best\u00e4tigen der Visa&#8230;\" data-image-description=\"\" data-medium-file=\"https:\/\/i0.wp.com\/blogs.musikerohnegrenzen.de\/milanskusa\/wp-content\/uploads\/sites\/20\/2016\/09\/Eintrag-2-Guayaquil-15.jpg?fit=225%2C300&#038;ssl=1\" data-large-file=\"https:\/\/i0.wp.com\/blogs.musikerohnegrenzen.de\/milanskusa\/wp-content\/uploads\/sites\/20\/2016\/09\/Eintrag-2-Guayaquil-15.jpg?fit=768%2C1024&#038;ssl=1\" src=\"https:\/\/i0.wp.com\/blogs.musikerohnegrenzen.de\/milanskusa\/wp-content\/uploads\/sites\/20\/2016\/09\/Eintrag-2-Guayaquil-15.jpg?w=316&#038;h=421&#038;ssl=1\" width=\"316\" height=\"421\" data-original-width=\"316\" data-original-height=\"421\" itemprop=\"http:\/\/schema.org\/image\" title=\"Best\u00e4tigen der Visa...\" alt=\"Best\u00e4tigen der Visa...\" style=\"width: 316px; height: 421px;\" \/> <\/a> <\/div> <\/div> <!-- close group --> <div class=\"gallery-group images-1\" style=\"width: 320px; height: 425px;\" data-original-width=\"320\" data-original-height=\"425\" > <div class=\"tiled-gallery-item tiled-gallery-item-large\" itemprop=\"associatedMedia\" itemscope itemtype=\"http:\/\/schema.org\/ImageObject\"> <a href=\"https:\/\/blogs.musikerohnegrenzen.de\/milanskusa\/eintrag-2-guayaquil-6\/\" border=\"0\" itemprop=\"url\"> <meta itemprop=\"width\" content=\"316\"> <meta itemprop=\"height\" content=\"421\"> <img data-attachment-id=\"42\" data-orig-file=\"https:\/\/blogs.musikerohnegrenzen.de\/milanskusa\/wp-content\/uploads\/sites\/20\/2016\/09\/Eintrag-2-Guayaquil-6.jpg\" data-orig-size=\"768,1024\" data-comments-opened=\"1\" data-image-meta=\"{&quot;aperture&quot;:&quot;2.2&quot;,&quot;credit&quot;:&quot;&quot;,&quot;camera&quot;:&quot;iPhone 6s&quot;,&quot;caption&quot;:&quot;&quot;,&quot;created_timestamp&quot;:&quot;1472810271&quot;,&quot;copyright&quot;:&quot;&quot;,&quot;focal_length&quot;:&quot;4.15&quot;,&quot;iso&quot;:&quot;25&quot;,&quot;shutter_speed&quot;:&quot;0.000871080139373&quot;,&quot;title&quot;:&quot;&quot;,&quot;orientation&quot;:&quot;1&quot;}\" data-image-title=\"Best\u00e4tigen der Visa&#8230;\" data-image-description=\"\" data-medium-file=\"https:\/\/i0.wp.com\/blogs.musikerohnegrenzen.de\/milanskusa\/wp-content\/uploads\/sites\/20\/2016\/09\/Eintrag-2-Guayaquil-6.jpg?fit=225%2C300&#038;ssl=1\" data-large-file=\"https:\/\/i0.wp.com\/blogs.musikerohnegrenzen.de\/milanskusa\/wp-content\/uploads\/sites\/20\/2016\/09\/Eintrag-2-Guayaquil-6.jpg?fit=768%2C1024&#038;ssl=1\" src=\"https:\/\/i0.wp.com\/blogs.musikerohnegrenzen.de\/milanskusa\/wp-content\/uploads\/sites\/20\/2016\/09\/Eintrag-2-Guayaquil-6.jpg?w=316&#038;h=421&#038;ssl=1\" width=\"316\" height=\"421\" data-original-width=\"316\" data-original-height=\"421\" itemprop=\"http:\/\/schema.org\/image\" title=\"Best\u00e4tigen der Visa...\" alt=\"Best\u00e4tigen der Visa...\" style=\"width: 316px; height: 421px;\" \/> <\/a> <\/div> <\/div> <!-- close group --> <\/div> <!-- close row --> <div class=\"gallery-row\" style=\"width: 960px; height: 639px;\" data-original-width=\"960\" data-original-height=\"639\" > <div class=\"gallery-group images-1\" style=\"width: 480px; height: 639px;\" data-original-width=\"480\" data-original-height=\"639\" > <div class=\"tiled-gallery-item tiled-gallery-item-large\" itemprop=\"associatedMedia\" itemscope itemtype=\"http:\/\/schema.org\/ImageObject\"> <a href=\"https:\/\/blogs.musikerohnegrenzen.de\/milanskusa\/eintrag-2-guayaquil-11\/\" border=\"0\" itemprop=\"url\"> <meta itemprop=\"width\" content=\"476\"> <meta itemprop=\"height\" content=\"635\"> <img data-attachment-id=\"47\" data-orig-file=\"https:\/\/blogs.musikerohnegrenzen.de\/milanskusa\/wp-content\/uploads\/sites\/20\/2016\/09\/Eintrag-2-Guayaquil-11.jpg\" data-orig-size=\"768,1024\" data-comments-opened=\"1\" data-image-meta=\"{&quot;aperture&quot;:&quot;2.2&quot;,&quot;credit&quot;:&quot;&quot;,&quot;camera&quot;:&quot;iPhone 6s&quot;,&quot;caption&quot;:&quot;&quot;,&quot;created_timestamp&quot;:&quot;1472806510&quot;,&quot;copyright&quot;:&quot;&quot;,&quot;focal_length&quot;:&quot;4.15&quot;,&quot;iso&quot;:&quot;25&quot;,&quot;shutter_speed&quot;:&quot;0.000805801772764&quot;,&quot;title&quot;:&quot;&quot;,&quot;orientation&quot;:&quot;1&quot;}\" data-image-title=\"Blick aus dem Fenster\" data-image-description=\"\" data-medium-file=\"https:\/\/i1.wp.com\/blogs.musikerohnegrenzen.de\/milanskusa\/wp-content\/uploads\/sites\/20\/2016\/09\/Eintrag-2-Guayaquil-11.jpg?fit=225%2C300&#038;ssl=1\" data-large-file=\"https:\/\/i1.wp.com\/blogs.musikerohnegrenzen.de\/milanskusa\/wp-content\/uploads\/sites\/20\/2016\/09\/Eintrag-2-Guayaquil-11.jpg?fit=768%2C1024&#038;ssl=1\" src=\"https:\/\/i1.wp.com\/blogs.musikerohnegrenzen.de\/milanskusa\/wp-content\/uploads\/sites\/20\/2016\/09\/Eintrag-2-Guayaquil-11.jpg?w=476&#038;h=635&#038;ssl=1\" width=\"476\" height=\"635\" data-original-width=\"476\" data-original-height=\"635\" itemprop=\"http:\/\/schema.org\/image\" title=\"Blick aus dem Fenster\" alt=\"Blick aus dem Fenster\" style=\"width: 476px; height: 635px;\" \/> <\/a> <\/div> <\/div> <!-- close group --> <div class=\"gallery-group images-1\" style=\"width: 480px; height: 639px;\" data-original-width=\"480\" data-original-height=\"639\" > <div class=\"tiled-gallery-item tiled-gallery-item-large\" itemprop=\"associatedMedia\" itemscope itemtype=\"http:\/\/schema.org\/ImageObject\"> <a href=\"https:\/\/blogs.musikerohnegrenzen.de\/milanskusa\/eintrag-2-guayaquil-9\/\" border=\"0\" itemprop=\"url\"> <meta itemprop=\"width\" content=\"476\"> <meta itemprop=\"height\" content=\"635\"> <img data-attachment-id=\"45\" data-orig-file=\"https:\/\/blogs.musikerohnegrenzen.de\/milanskusa\/wp-content\/uploads\/sites\/20\/2016\/09\/Eintrag-2-Guayaquil-9.jpg\" data-orig-size=\"768,1024\" data-comments-opened=\"1\" data-image-meta=\"{&quot;aperture&quot;:&quot;2.2&quot;,&quot;credit&quot;:&quot;&quot;,&quot;camera&quot;:&quot;iPhone 6s&quot;,&quot;caption&quot;:&quot;&quot;,&quot;created_timestamp&quot;:&quot;1472805829&quot;,&quot;copyright&quot;:&quot;&quot;,&quot;focal_length&quot;:&quot;4.15&quot;,&quot;iso&quot;:&quot;25&quot;,&quot;shutter_speed&quot;:&quot;0.00228832951945&quot;,&quot;title&quot;:&quot;&quot;,&quot;orientation&quot;:&quot;1&quot;}\" data-image-title=\"Foodtruck\" data-image-description=\"\" data-medium-file=\"https:\/\/i0.wp.com\/blogs.musikerohnegrenzen.de\/milanskusa\/wp-content\/uploads\/sites\/20\/2016\/09\/Eintrag-2-Guayaquil-9.jpg?fit=225%2C300&#038;ssl=1\" data-large-file=\"https:\/\/i0.wp.com\/blogs.musikerohnegrenzen.de\/milanskusa\/wp-content\/uploads\/sites\/20\/2016\/09\/Eintrag-2-Guayaquil-9.jpg?fit=768%2C1024&#038;ssl=1\" src=\"https:\/\/i0.wp.com\/blogs.musikerohnegrenzen.de\/milanskusa\/wp-content\/uploads\/sites\/20\/2016\/09\/Eintrag-2-Guayaquil-9.jpg?w=476&#038;h=635&#038;ssl=1\" width=\"476\" height=\"635\" data-original-width=\"476\" data-original-height=\"635\" itemprop=\"http:\/\/schema.org\/image\" title=\"Foodtruck\" alt=\"Foodtruck\" style=\"width: 476px; height: 635px;\" \/> <\/a> <\/div> <\/div> <!-- close group --> <\/div> <!-- close row --> <div class=\"gallery-row\" style=\"width: 960px; height: 461px;\" data-original-width=\"960\" data-original-height=\"461\" > <div class=\"gallery-group images-1\" style=\"width: 347px; height: 461px;\" data-original-width=\"347\" data-original-height=\"461\" > <div class=\"tiled-gallery-item tiled-gallery-item-large\" itemprop=\"associatedMedia\" itemscope itemtype=\"http:\/\/schema.org\/ImageObject\"> <a href=\"https:\/\/blogs.musikerohnegrenzen.de\/milanskusa\/eintrag-2-guayaquil-13\/\" border=\"0\" itemprop=\"url\"> <meta itemprop=\"width\" content=\"343\"> <meta itemprop=\"height\" content=\"457\"> <img data-attachment-id=\"49\" data-orig-file=\"https:\/\/blogs.musikerohnegrenzen.de\/milanskusa\/wp-content\/uploads\/sites\/20\/2016\/09\/Eintrag-2-Guayaquil-13.jpg\" data-orig-size=\"768,1024\" data-comments-opened=\"1\" data-image-meta=\"{&quot;aperture&quot;:&quot;2.2&quot;,&quot;credit&quot;:&quot;&quot;,&quot;camera&quot;:&quot;iPhone 6s&quot;,&quot;caption&quot;:&quot;&quot;,&quot;created_timestamp&quot;:&quot;1472806628&quot;,&quot;copyright&quot;:&quot;&quot;,&quot;focal_length&quot;:&quot;4.15&quot;,&quot;iso&quot;:&quot;25&quot;,&quot;shutter_speed&quot;:&quot;0.00448430493274&quot;,&quot;title&quot;:&quot;&quot;,&quot;orientation&quot;:&quot;1&quot;}\" data-image-title=\"Bauarbeiten\" data-image-description=\"\" data-medium-file=\"https:\/\/i0.wp.com\/blogs.musikerohnegrenzen.de\/milanskusa\/wp-content\/uploads\/sites\/20\/2016\/09\/Eintrag-2-Guayaquil-13.jpg?fit=225%2C300&#038;ssl=1\" data-large-file=\"https:\/\/i0.wp.com\/blogs.musikerohnegrenzen.de\/milanskusa\/wp-content\/uploads\/sites\/20\/2016\/09\/Eintrag-2-Guayaquil-13.jpg?fit=768%2C1024&#038;ssl=1\" src=\"https:\/\/i0.wp.com\/blogs.musikerohnegrenzen.de\/milanskusa\/wp-content\/uploads\/sites\/20\/2016\/09\/Eintrag-2-Guayaquil-13.jpg?w=343&#038;h=457&#038;ssl=1\" width=\"343\" height=\"457\" data-original-width=\"343\" data-original-height=\"457\" itemprop=\"http:\/\/schema.org\/image\" title=\"Bauarbeiten\" alt=\"Bauarbeiten\" style=\"width: 343px; height: 457px;\" \/> <\/a> <\/div> <\/div> <!-- close group --> <div class=\"gallery-group images-1\" style=\"width: 613px; height: 461px;\" data-original-width=\"613\" data-original-height=\"461\" > <div class=\"tiled-gallery-item tiled-gallery-item-large\" itemprop=\"associatedMedia\" itemscope itemtype=\"http:\/\/schema.org\/ImageObject\"> <a href=\"https:\/\/blogs.musikerohnegrenzen.de\/milanskusa\/eintrag-2-guayaquil-7\/\" border=\"0\" itemprop=\"url\"> <meta itemprop=\"width\" content=\"609\"> <meta itemprop=\"height\" content=\"457\"> <img data-attachment-id=\"43\" data-orig-file=\"https:\/\/blogs.musikerohnegrenzen.de\/milanskusa\/wp-content\/uploads\/sites\/20\/2016\/09\/Eintrag-2-Guayaquil-7.jpg\" data-orig-size=\"1024,768\" data-comments-opened=\"1\" data-image-meta=\"{&quot;aperture&quot;:&quot;2.2&quot;,&quot;credit&quot;:&quot;&quot;,&quot;camera&quot;:&quot;iPhone 6s&quot;,&quot;caption&quot;:&quot;&quot;,&quot;created_timestamp&quot;:&quot;1472815450&quot;,&quot;copyright&quot;:&quot;&quot;,&quot;focal_length&quot;:&quot;4.15&quot;,&quot;iso&quot;:&quot;25&quot;,&quot;shutter_speed&quot;:&quot;0.000337952010814&quot;,&quot;title&quot;:&quot;&quot;,&quot;orientation&quot;:&quot;1&quot;}\" data-image-title=\"Wirre Stromleitungen \u00fcberall\" data-image-description=\"\" data-medium-file=\"https:\/\/i0.wp.com\/blogs.musikerohnegrenzen.de\/milanskusa\/wp-content\/uploads\/sites\/20\/2016\/09\/Eintrag-2-Guayaquil-7.jpg?fit=300%2C225&#038;ssl=1\" data-large-file=\"https:\/\/i0.wp.com\/blogs.musikerohnegrenzen.de\/milanskusa\/wp-content\/uploads\/sites\/20\/2016\/09\/Eintrag-2-Guayaquil-7.jpg?fit=960%2C720&#038;ssl=1\" src=\"https:\/\/i0.wp.com\/blogs.musikerohnegrenzen.de\/milanskusa\/wp-content\/uploads\/sites\/20\/2016\/09\/Eintrag-2-Guayaquil-7.jpg?w=609&#038;h=457&#038;ssl=1\" width=\"609\" height=\"457\" data-original-width=\"609\" data-original-height=\"457\" itemprop=\"http:\/\/schema.org\/image\" title=\"Wirre Stromleitungen \u00fcberall\" alt=\"Wirre Stromleitungen \u00fcberall\" style=\"width: 609px; height: 457px;\" \/> <\/a> <\/div> <\/div> <!-- close group --> <\/div> <!-- close row --> <div class=\"gallery-row\" style=\"width: 960px; height: 1279px;\" data-original-width=\"960\" data-original-height=\"1279\" > <div class=\"gallery-group images-1\" style=\"width: 960px; height: 1279px;\" data-original-width=\"960\" data-original-height=\"1279\" > <div class=\"tiled-gallery-item tiled-gallery-item-large\" itemprop=\"associatedMedia\" itemscope itemtype=\"http:\/\/schema.org\/ImageObject\"> <a href=\"https:\/\/blogs.musikerohnegrenzen.de\/milanskusa\/eintrag-2-guayaquil-3\/\" border=\"0\" itemprop=\"url\"> <meta itemprop=\"width\" content=\"956\"> <meta itemprop=\"height\" content=\"1275\"> <img data-attachment-id=\"39\" data-orig-file=\"https:\/\/blogs.musikerohnegrenzen.de\/milanskusa\/wp-content\/uploads\/sites\/20\/2016\/09\/Eintrag-2-Guayaquil-3.jpg\" data-orig-size=\"768,1024\" data-comments-opened=\"1\" data-image-meta=\"{&quot;aperture&quot;:&quot;2.2&quot;,&quot;credit&quot;:&quot;&quot;,&quot;camera&quot;:&quot;iPhone 6s&quot;,&quot;caption&quot;:&quot;&quot;,&quot;created_timestamp&quot;:&quot;1472816067&quot;,&quot;copyright&quot;:&quot;&quot;,&quot;focal_length&quot;:&quot;4.15&quot;,&quot;iso&quot;:&quot;25&quot;,&quot;shutter_speed&quot;:&quot;0.000337952010814&quot;,&quot;title&quot;:&quot;&quot;,&quot;orientation&quot;:&quot;1&quot;}\" data-image-title=\"Markt\" data-image-description=\"\" data-medium-file=\"https:\/\/i2.wp.com\/blogs.musikerohnegrenzen.de\/milanskusa\/wp-content\/uploads\/sites\/20\/2016\/09\/Eintrag-2-Guayaquil-3.jpg?fit=225%2C300&#038;ssl=1\" data-large-file=\"https:\/\/i2.wp.com\/blogs.musikerohnegrenzen.de\/milanskusa\/wp-content\/uploads\/sites\/20\/2016\/09\/Eintrag-2-Guayaquil-3.jpg?fit=768%2C1024&#038;ssl=1\" src=\"https:\/\/i2.wp.com\/blogs.musikerohnegrenzen.de\/milanskusa\/wp-content\/uploads\/sites\/20\/2016\/09\/Eintrag-2-Guayaquil-3.jpg?w=956&#038;h=1275&#038;ssl=1\" width=\"956\" height=\"1275\" data-original-width=\"956\" data-original-height=\"1275\" itemprop=\"http:\/\/schema.org\/image\" title=\"Markt\" alt=\"Markt\" style=\"width: 956px; height: 1275px;\" \/> <\/a> <\/div> <\/div> <!-- close group --> <\/div> <!-- close row --> <\/div>\n<p>&nbsp;<\/p>\n<p>&nbsp;<\/p>\n","protected":false},"excerpt":{"rendered":"<p>Seit zwei Tagen bin ich nun gemeinsam mit Annika, einer weiteren Freiwilligen, in Guayaquil, der gr\u00f6\u00dften Stadt Ecuadors. Der 14-st\u00fcndige Flug nach S\u00fcdamerika verlief problemlos, unterbrochen nur von einem geplanten, kurzen Zwischenstopp in Quito, der Hauptstadt Ecuadors. Bevor es auf die Galapagos-Inseln weitergehen kann, sind wir &hellip; <\/p>\n<p><a href=\"https:\/\/blogs.musikerohnegrenzen.de\/milanskusa\/2016\/09\/02\/flug-ankunft-in-ecuador-guayaquil\/\" class=\"more-link\"><span class=\"morelink-icon\">Weiterlesen<\/span><\/a><\/p>\n","protected":false},"author":22,"featured_media":0,"comment_status":"open","ping_status":"open","sticky":false,"template":"","format":"standard","meta":{"ngg_post_thumbnail":0,"spay_email":""},"categories":[1],"tags":[],"jetpack_featured_media_url":"","jetpack_shortlink":"https:\/\/wp.me\/p93HM8-Y","_links":{"self":[{"href":"https:\/\/blogs.musikerohnegrenzen.de\/milanskusa\/wp-json\/wp\/v2\/posts\/60"}],"collection":[{"href":"https:\/\/blogs.musikerohnegrenzen.de\/milanskusa\/wp-json\/wp\/v2\/posts"}],"about":[{"href":"https:\/\/blogs.musikerohnegrenzen.de\/milanskusa\/wp-json\/wp\/v2\/types\/post"}],"author":[{"embeddable":true,"href":"https:\/\/blogs.musikerohnegrenzen.de\/milanskusa\/wp-json\/wp\/v2\/users\/22"}],"replies":[{"embeddable":true,"href":"https:\/\/blogs.musikerohnegrenzen.de\/milanskusa\/wp-json\/wp\/v2\/comments?post=60"}],"version-history":[{"count":0,"href":"https:\/\/blogs.musikerohnegrenzen.de\/milanskusa\/wp-json\/wp\/v2\/posts\/60\/revisions"}],"wp:attachment":[{"href":"https:\/\/blogs.musikerohnegrenzen.de\/milanskusa\/wp-json\/wp\/v2\/media?parent=60"}],"wp:term":[{"taxonomy":"category","embeddable":true,"href":"https:\/\/blogs.musikerohnegrenzen.de\/milanskusa\/wp-json\/wp\/v2\/categories?post=60"},{"taxonomy":"post_tag","embeddable":true,"href":"https:\/\/blogs.musikerohnegrenzen.de\/milanskusa\/wp-json\/wp\/v2\/tags?post=60"}],"curies":[{"name":"wp","href":"https:\/\/api.w.org\/{rel}","templated":true}]}}