{"id":300,"date":"2013-11-18T11:53:49","date_gmt":"2013-11-18T17:53:49","guid":{"rendered":"http:\/\/lena.musikerohnegrenzen.de\/?p=300"},"modified":"2017-07-27T12:46:59","modified_gmt":"2017-07-27T10:46:59","slug":"los-garrabateros-3","status":"publish","type":"post","link":"https:\/\/blogs.musikerohnegrenzen.de\/lenapriesmeier\/2013\/11\/18\/los-garrabateros-3\/","title":{"rendered":"Los Garrabateros &lt;3"},"content":{"rendered":"<p>Samstag Mittag machen wir uns zu siebt mit dem Fahrrad und&nbsp;mit vollgepackten Rucks\u00e4cken auf den Weg zu den Garrabateros (ein wundersch\u00f6ner Strand&nbsp;am anderen Ende der Insel, an dem man campen kann).<\/p>\n<p><a href=\"https:\/\/blogs.musikerohnegrenzen.de\/lenapriesmeier\/wp-content\/uploads\/sites\/9\/2013\/11\/IMG_1642.jpg\"><img loading=\"lazy\" class=\"alignnone size-medium wp-image-288\" src=\"https:\/\/blogs.musikerohnegrenzen.de\/lenapriesmeier\/wp-content\/uploads\/sites\/9\/2013\/11\/IMG_1642-300x225.jpg\" alt=\"IMG_1642\" width=\"300\" height=\"225\" srcset=\"https:\/\/blogs.musikerohnegrenzen.de\/lenapriesmeier\/wp-content\/uploads\/sites\/9\/2013\/11\/IMG_1642-300x225.jpg 300w, https:\/\/blogs.musikerohnegrenzen.de\/lenapriesmeier\/wp-content\/uploads\/sites\/9\/2013\/11\/IMG_1642-768x576.jpg 768w, https:\/\/blogs.musikerohnegrenzen.de\/lenapriesmeier\/wp-content\/uploads\/sites\/9\/2013\/11\/IMG_1642-1024x768.jpg 1024w\" sizes=\"(max-width: 300px) 100vw, 300px\" \/><\/a><\/p>\n<p>&nbsp;<\/p>\n<p>Es ist warm, aber zum Gl\u00fcck ist der Himmel etwas bew\u00f6lkt und ein leichter Wind weht, sodass das Wetter&nbsp; perfekt f\u00fcr eine Fahrradtour ist. Es geht viel bergauf und etwas bergab, und mit unseren R\u00e4dern (deren Qualit\u00e4t leider etwas darunter leidet, dass wir sie so billig gekauft haben) wird jeder Berg zum Abenteuer, denn all zu oft ist die Schaltung blockiert oder die Kette ist pl\u00f6tzlich drau\u00dfen&#8230;<br \/>\nDie Laune verderben l\u00e4sst sich davon aber keiner, und so geht es munter hinauf und hinab, bis wir alle ersch\u00f6pft in einem kleinen D\u00f6rfchen rasten.<\/p>\n<p>Als wir beim Weiterfahren bemerken, dass es ab hier eigentlich nur noch bergab geht, l\u00e4sst sich keiner zweimal bitten und die ganze Gruppe l\u00e4sst die Bremsen los und saust hinab bis die Reifen hei\u00df werden \ud83d\ude00<br \/>\n(Ab jetzt werden nur noch kleine Pausen eingelegt, um die atemberaubende Aussicht zu genie\u00dfen \ud83d\ude09 )<\/p>\n<p><a href=\"https:\/\/blogs.musikerohnegrenzen.de\/lenapriesmeier\/wp-content\/uploads\/sites\/9\/2013\/11\/IMG_1652.jpg\"><img loading=\"lazy\" class=\"alignnone size-medium wp-image-289\" src=\"https:\/\/blogs.musikerohnegrenzen.de\/lenapriesmeier\/wp-content\/uploads\/sites\/9\/2013\/11\/IMG_1652-300x225.jpg\" alt=\"IMG_1652\" width=\"300\" height=\"225\" srcset=\"https:\/\/blogs.musikerohnegrenzen.de\/lenapriesmeier\/wp-content\/uploads\/sites\/9\/2013\/11\/IMG_1652-300x225.jpg 300w, https:\/\/blogs.musikerohnegrenzen.de\/lenapriesmeier\/wp-content\/uploads\/sites\/9\/2013\/11\/IMG_1652-768x576.jpg 768w, https:\/\/blogs.musikerohnegrenzen.de\/lenapriesmeier\/wp-content\/uploads\/sites\/9\/2013\/11\/IMG_1652-1024x768.jpg 1024w\" sizes=\"(max-width: 300px) 100vw, 300px\" \/><\/a><\/p>\n<p><a href=\"https:\/\/blogs.musikerohnegrenzen.de\/lenapriesmeier\/wp-content\/uploads\/sites\/9\/2013\/11\/IMG_1658.jpg\"><img loading=\"lazy\" class=\"alignnone size-medium wp-image-290\" src=\"https:\/\/blogs.musikerohnegrenzen.de\/lenapriesmeier\/wp-content\/uploads\/sites\/9\/2013\/11\/IMG_1658-300x225.jpg\" alt=\"IMG_1658\" width=\"300\" height=\"225\" srcset=\"https:\/\/blogs.musikerohnegrenzen.de\/lenapriesmeier\/wp-content\/uploads\/sites\/9\/2013\/11\/IMG_1658-300x225.jpg 300w, https:\/\/blogs.musikerohnegrenzen.de\/lenapriesmeier\/wp-content\/uploads\/sites\/9\/2013\/11\/IMG_1658-768x576.jpg 768w, https:\/\/blogs.musikerohnegrenzen.de\/lenapriesmeier\/wp-content\/uploads\/sites\/9\/2013\/11\/IMG_1658-1024x768.jpg 1024w\" sizes=\"(max-width: 300px) 100vw, 300px\" \/><\/a><\/p>\n<p>Als Ninas Reifen pl\u00f6tzlich und&nbsp;wie aus heiterem Himmel vollkommen platt ist, sind wir zum Gl\u00fcck nur noch ein paar 100Meter von unserem Ziel entfernt und wir k\u00f6nnen uns den Rest des Weges gem\u00fctlich rollen lassen.<\/p>\n<p>Nachmittags um 4uhr kommen wir alle ersch\u00f6pft aber gl\u00fccklich bei den Garrabateros an &#8211; und erblicken einen unglaublich sch\u00f6nen Strand, der<br \/>\nbis auf eine kleine&nbsp;Gruppe, die auch hier zeltet, wie ausgestorben ist.<\/p>\n<p><a href=\"https:\/\/blogs.musikerohnegrenzen.de\/lenapriesmeier\/wp-content\/uploads\/sites\/9\/2013\/11\/IMG_1760.jpg\"><img loading=\"lazy\" class=\"alignnone size-medium wp-image-296\" src=\"https:\/\/blogs.musikerohnegrenzen.de\/lenapriesmeier\/wp-content\/uploads\/sites\/9\/2013\/11\/IMG_1760-300x225.jpg\" alt=\"IMG_1760\" width=\"300\" height=\"225\" srcset=\"https:\/\/blogs.musikerohnegrenzen.de\/lenapriesmeier\/wp-content\/uploads\/sites\/9\/2013\/11\/IMG_1760-300x225.jpg 300w, https:\/\/blogs.musikerohnegrenzen.de\/lenapriesmeier\/wp-content\/uploads\/sites\/9\/2013\/11\/IMG_1760-768x576.jpg 768w, https:\/\/blogs.musikerohnegrenzen.de\/lenapriesmeier\/wp-content\/uploads\/sites\/9\/2013\/11\/IMG_1760-1024x768.jpg 1024w\" sizes=\"(max-width: 300px) 100vw, 300px\" \/><\/a><\/p>\n<p>Nachdem wir uns etwas gest\u00e4rkt haben (und uns mit den Darwin-Finken angefreundet haben, die uns immer sehr um unser Essen beneiden),<br \/>\nwird erst mal eine Partie Frisbee gespielt!<\/p>\n<p><a href=\"https:\/\/blogs.musikerohnegrenzen.de\/lenapriesmeier\/wp-content\/uploads\/sites\/9\/2013\/11\/IMG_1675.jpg\"><img loading=\"lazy\" class=\"alignnone size-medium wp-image-293\" src=\"https:\/\/blogs.musikerohnegrenzen.de\/lenapriesmeier\/wp-content\/uploads\/sites\/9\/2013\/11\/IMG_1675-300x225.jpg\" alt=\"IMG_1675\" width=\"300\" height=\"225\" srcset=\"https:\/\/blogs.musikerohnegrenzen.de\/lenapriesmeier\/wp-content\/uploads\/sites\/9\/2013\/11\/IMG_1675-300x225.jpg 300w, https:\/\/blogs.musikerohnegrenzen.de\/lenapriesmeier\/wp-content\/uploads\/sites\/9\/2013\/11\/IMG_1675-768x576.jpg 768w, https:\/\/blogs.musikerohnegrenzen.de\/lenapriesmeier\/wp-content\/uploads\/sites\/9\/2013\/11\/IMG_1675-1024x768.jpg 1024w\" sizes=\"(max-width: 300px) 100vw, 300px\" \/><\/a><br \/>\n<a href=\"https:\/\/blogs.musikerohnegrenzen.de\/lenapriesmeier\/wp-content\/uploads\/sites\/9\/2013\/11\/DSC03663.jpg\"><img loading=\"lazy\" class=\"alignnone wp-image-284 size-medium\" src=\"https:\/\/blogs.musikerohnegrenzen.de\/lenapriesmeier\/wp-content\/uploads\/sites\/9\/2013\/11\/DSC03663-300x169.jpg\" alt=\"DSC03663\" width=\"300\" height=\"169\" srcset=\"https:\/\/blogs.musikerohnegrenzen.de\/lenapriesmeier\/wp-content\/uploads\/sites\/9\/2013\/11\/DSC03663-300x169.jpg 300w, https:\/\/blogs.musikerohnegrenzen.de\/lenapriesmeier\/wp-content\/uploads\/sites\/9\/2013\/11\/DSC03663-768x432.jpg 768w, https:\/\/blogs.musikerohnegrenzen.de\/lenapriesmeier\/wp-content\/uploads\/sites\/9\/2013\/11\/DSC03663-1024x575.jpg 1024w\" sizes=\"(max-width: 300px) 100vw, 300px\" \/><\/a><\/p>\n<p>Mittlerweile ist es schon 6Uhr abends, und es wird langsam dunkel.<br \/>\nWir gehen ein letztes Mal im angenehm warmen Meer schwimmen, und genie\u00dfen dabei eine unglaubliche Aussicht:<\/p>\n<p>W\u00e4hrend man sich im warmen Meer von den Wellen schaukeln l\u00e4sst, kann man zu seiner Rechten den wundersch\u00f6nen Sonnenuntergang beobachten und zu seiner Linken sieht man bereits den Vollmond am Himmel. Ich kriege den Mund vor staunen gar nicht mehr zu! \ud83d\ude09<\/p>\n<p><a href=\"https:\/\/blogs.musikerohnegrenzen.de\/lenapriesmeier\/wp-content\/uploads\/sites\/9\/2013\/11\/IMG_1667.jpg\"><img loading=\"lazy\" class=\"alignnone size-medium wp-image-292\" src=\"https:\/\/blogs.musikerohnegrenzen.de\/lenapriesmeier\/wp-content\/uploads\/sites\/9\/2013\/11\/IMG_1667-300x225.jpg\" alt=\"IMG_1667\" width=\"300\" height=\"225\" srcset=\"https:\/\/blogs.musikerohnegrenzen.de\/lenapriesmeier\/wp-content\/uploads\/sites\/9\/2013\/11\/IMG_1667-300x225.jpg 300w, https:\/\/blogs.musikerohnegrenzen.de\/lenapriesmeier\/wp-content\/uploads\/sites\/9\/2013\/11\/IMG_1667-768x576.jpg 768w, https:\/\/blogs.musikerohnegrenzen.de\/lenapriesmeier\/wp-content\/uploads\/sites\/9\/2013\/11\/IMG_1667-1024x768.jpg 1024w\" sizes=\"(max-width: 300px) 100vw, 300px\" \/><\/a><\/p>\n<p><a href=\"https:\/\/blogs.musikerohnegrenzen.de\/lenapriesmeier\/wp-content\/uploads\/sites\/9\/2013\/11\/IMG_1689.jpg\"><img loading=\"lazy\" class=\"alignnone size-medium wp-image-294\" src=\"https:\/\/blogs.musikerohnegrenzen.de\/lenapriesmeier\/wp-content\/uploads\/sites\/9\/2013\/11\/IMG_1689-300x225.jpg\" alt=\"IMG_1689\" width=\"300\" height=\"225\" srcset=\"https:\/\/blogs.musikerohnegrenzen.de\/lenapriesmeier\/wp-content\/uploads\/sites\/9\/2013\/11\/IMG_1689-300x225.jpg 300w, https:\/\/blogs.musikerohnegrenzen.de\/lenapriesmeier\/wp-content\/uploads\/sites\/9\/2013\/11\/IMG_1689-768x576.jpg 768w, https:\/\/blogs.musikerohnegrenzen.de\/lenapriesmeier\/wp-content\/uploads\/sites\/9\/2013\/11\/IMG_1689-1024x768.jpg 1024w\" sizes=\"(max-width: 300px) 100vw, 300px\" \/><\/a><\/p>\n<p><a href=\"https:\/\/blogs.musikerohnegrenzen.de\/lenapriesmeier\/wp-content\/uploads\/sites\/9\/2013\/11\/DSC03522.jpg\"><img loading=\"lazy\" class=\"alignnone wp-image-287 size-medium\" src=\"https:\/\/blogs.musikerohnegrenzen.de\/lenapriesmeier\/wp-content\/uploads\/sites\/9\/2013\/11\/DSC03522-300x169.jpg\" alt=\"DSC03522\" width=\"300\" height=\"169\" srcset=\"https:\/\/blogs.musikerohnegrenzen.de\/lenapriesmeier\/wp-content\/uploads\/sites\/9\/2013\/11\/DSC03522-300x169.jpg 300w, https:\/\/blogs.musikerohnegrenzen.de\/lenapriesmeier\/wp-content\/uploads\/sites\/9\/2013\/11\/DSC03522-768x432.jpg 768w, https:\/\/blogs.musikerohnegrenzen.de\/lenapriesmeier\/wp-content\/uploads\/sites\/9\/2013\/11\/DSC03522-1024x575.jpg 1024w\" sizes=\"(max-width: 300px) 100vw, 300px\" \/><\/a><\/p>\n<p>Wir grillen auf hei\u00dfen Steinen, schlafen nur mit Schlafsack und direktem Blick aufs Meer am Strand und beobachten am n\u00e4chsten Morgen um 5Uhr in der Fr\u00fch&nbsp;wie der Himmel brennt, als die Sonne aufgeht.<\/p>\n<p><a href=\"https:\/\/blogs.musikerohnegrenzen.de\/lenapriesmeier\/wp-content\/uploads\/sites\/9\/2013\/11\/DSC03644.jpg\"><img loading=\"lazy\" class=\"alignnone wp-image-283 size-medium\" src=\"https:\/\/blogs.musikerohnegrenzen.de\/lenapriesmeier\/wp-content\/uploads\/sites\/9\/2013\/11\/DSC03644-300x169.jpg\" alt=\"DSC03644\" width=\"300\" height=\"169\" srcset=\"https:\/\/blogs.musikerohnegrenzen.de\/lenapriesmeier\/wp-content\/uploads\/sites\/9\/2013\/11\/DSC03644-300x169.jpg 300w, https:\/\/blogs.musikerohnegrenzen.de\/lenapriesmeier\/wp-content\/uploads\/sites\/9\/2013\/11\/DSC03644-768x432.jpg 768w, https:\/\/blogs.musikerohnegrenzen.de\/lenapriesmeier\/wp-content\/uploads\/sites\/9\/2013\/11\/DSC03644-1024x575.jpg 1024w\" sizes=\"(max-width: 300px) 100vw, 300px\" \/><\/a><\/p>\n<p><a href=\"https:\/\/blogs.musikerohnegrenzen.de\/lenapriesmeier\/wp-content\/uploads\/sites\/9\/2013\/11\/DSC03667.jpg\"><img loading=\"lazy\" class=\"alignnone wp-image-285 size-medium\" src=\"https:\/\/blogs.musikerohnegrenzen.de\/lenapriesmeier\/wp-content\/uploads\/sites\/9\/2013\/11\/DSC03667-300x169.jpg\" alt=\"DSC03667\" width=\"300\" height=\"169\" srcset=\"https:\/\/blogs.musikerohnegrenzen.de\/lenapriesmeier\/wp-content\/uploads\/sites\/9\/2013\/11\/DSC03667-300x169.jpg 300w, https:\/\/blogs.musikerohnegrenzen.de\/lenapriesmeier\/wp-content\/uploads\/sites\/9\/2013\/11\/DSC03667-768x432.jpg 768w, https:\/\/blogs.musikerohnegrenzen.de\/lenapriesmeier\/wp-content\/uploads\/sites\/9\/2013\/11\/DSC03667-1024x575.jpg 1024w\" sizes=\"(max-width: 300px) 100vw, 300px\" \/><\/a><\/p>\n<p><a href=\"https:\/\/blogs.musikerohnegrenzen.de\/lenapriesmeier\/wp-content\/uploads\/sites\/9\/2013\/11\/DSC03673.jpg\"><img loading=\"lazy\" class=\"alignnone wp-image-286 size-medium\" src=\"https:\/\/blogs.musikerohnegrenzen.de\/lenapriesmeier\/wp-content\/uploads\/sites\/9\/2013\/11\/DSC03673-300x169.jpg\" alt=\"DSC03673\" width=\"300\" height=\"169\" srcset=\"https:\/\/blogs.musikerohnegrenzen.de\/lenapriesmeier\/wp-content\/uploads\/sites\/9\/2013\/11\/DSC03673-300x169.jpg 300w, https:\/\/blogs.musikerohnegrenzen.de\/lenapriesmeier\/wp-content\/uploads\/sites\/9\/2013\/11\/DSC03673-768x432.jpg 768w, https:\/\/blogs.musikerohnegrenzen.de\/lenapriesmeier\/wp-content\/uploads\/sites\/9\/2013\/11\/DSC03673-1024x575.jpg 1024w\" sizes=\"(max-width: 300px) 100vw, 300px\" \/><\/a><\/p>\n<p>Ohne Zweifel, war dieses Wochenende eines der Sch\u00f6nsten!<\/p>\n<p>&nbsp;<\/p>\n","protected":false},"excerpt":{"rendered":"<p>Samstag Mittag machen wir uns zu siebt mit dem Fahrrad und&nbsp;mit vollgepackten Rucks\u00e4cken auf den Weg zu den Garrabateros (ein wundersch\u00f6ner Strand&nbsp;am anderen Ende der Insel, an dem man campen kann). &nbsp; Es ist warm, aber zum Gl\u00fcck ist der Himmel etwas bew\u00f6lkt und ein leichter Wind weht, sodass das Wetter&nbsp; perfekt f\u00fcr eine Fahrradtour &hellip; <\/p>\n<p class=\"read-more\"><a class=\"readmore-btn\" href=\"https:\/\/blogs.musikerohnegrenzen.de\/lenapriesmeier\/2013\/11\/18\/los-garrabateros-3\/\">+<span class=\"screen-reader-text\">  Read More<\/span><\/a><\/p>\n","protected":false},"author":11,"featured_media":0,"comment_status":"open","ping_status":"open","sticky":false,"template":"","format":"standard","meta":{"ngg_post_thumbnail":0},"categories":[1],"tags":[],"jetpack_featured_media_url":"","_links":{"self":[{"href":"https:\/\/blogs.musikerohnegrenzen.de\/lenapriesmeier\/wp-json\/wp\/v2\/posts\/300"}],"collection":[{"href":"https:\/\/blogs.musikerohnegrenzen.de\/lenapriesmeier\/wp-json\/wp\/v2\/posts"}],"about":[{"href":"https:\/\/blogs.musikerohnegrenzen.de\/lenapriesmeier\/wp-json\/wp\/v2\/types\/post"}],"author":[{"embeddable":true,"href":"https:\/\/blogs.musikerohnegrenzen.de\/lenapriesmeier\/wp-json\/wp\/v2\/users\/11"}],"replies":[{"embeddable":true,"href":"https:\/\/blogs.musikerohnegrenzen.de\/lenapriesmeier\/wp-json\/wp\/v2\/comments?post=300"}],"version-history":[{"count":2,"href":"https:\/\/blogs.musikerohnegrenzen.de\/lenapriesmeier\/wp-json\/wp\/v2\/posts\/300\/revisions"}],"predecessor-version":[{"id":520,"href":"https:\/\/blogs.musikerohnegrenzen.de\/lenapriesmeier\/wp-json\/wp\/v2\/posts\/300\/revisions\/520"}],"wp:attachment":[{"href":"https:\/\/blogs.musikerohnegrenzen.de\/lenapriesmeier\/wp-json\/wp\/v2\/media?parent=300"}],"wp:term":[{"taxonomy":"category","embeddable":true,"href":"https:\/\/blogs.musikerohnegrenzen.de\/lenapriesmeier\/wp-json\/wp\/v2\/categories?post=300"},{"taxonomy":"post_tag","embeddable":true,"href":"https:\/\/blogs.musikerohnegrenzen.de\/lenapriesmeier\/wp-json\/wp\/v2\/tags?post=300"}],"curies":[{"name":"wp","href":"https:\/\/api.w.org\/{rel}","templated":true}]}}