{"id":50,"date":"2014-12-09T02:20:24","date_gmt":"2014-12-09T00:20:24","guid":{"rendered":"http:\/\/katjazill.musikerohnegrenzen.de\/?p=50"},"modified":"2014-12-09T02:20:24","modified_gmt":"2014-12-09T00:20:24","slug":"eleccion-de-la-reina","status":"publish","type":"post","link":"https:\/\/blogs.musikerohnegrenzen.de\/katjazill\/2014\/12\/09\/eleccion-de-la-reina\/","title":{"rendered":"Elecci\u00f3n de la Reina"},"content":{"rendered":"<p>Zurzeit ist einiges los in Ol\u00f3n und es gibt schon wieder viel zu berichten:<\/p>\n<p>Letzte Woche hatten wir unsere erste Surfstunde. Nach ein paar Aufw\u00e4rm\u00fcbungen im Sand ging es dann auch direkt mit dem Surfboard ins Wasser. Anfangs war es schon schwierig, beim Paddeln nicht vom Board zu fallen. Aber als das dann ganz gut ging, hat uns unser Surflehrer (ein Gastbruder von Justus) in Position gebracht und schon war die erste Welle da. Wir sollten 3 Sekunden warten und dann &#8222;einfach&#8220; aufstehen, was allerdings bei mir jedes mal gescheitert ist \ud83d\ude42 Ich werde es aber jedenfalls noch nicht aufgeben, vielleicht klappt es ja in der n\u00e4chsten Surfstunde (Bericht folgt)!<\/p>\n<p>Am Samstag war dann in Ol\u00f3n die Elecci\u00f3n de la Reina, also eine Art Miss-Ol\u00f3n-Wahl. F\u00fcr die Eccis war das eine riesen Sensation, sie haben den ganzen Tag \u00fcber daf\u00fcr aufgebaut und sich extra schick gemacht. Offiziell sollte es um 20 Uhr Abends losgehen, da wir aber ja wussten, dass wir in Ecuador und nicht in Deutschland sind, waren wir um 20:30 Uhr im Park angelangt, wo wir allerdings die ersten waren. Dann haben wir erstmal gewartet, gewartet und gewartet, bis es um 23 Uhr endlich losging. Nach ein paar Reden, von denen ich nicht allzuviel verstanden habe, war das ganze dann eigentlich eher eine Modenschau der 6 Kandidatinnen mit seeehr lauter Musik (bis 4 Uhr morgens)&#8230; <a href=\"https:\/\/blogs.musikerohnegrenzen.de\/katjazill\/wp-content\/uploads\/sites\/29\/2014\/12\/DSCN2063.jpg\"><img loading=\"lazy\" class=\"alignnone size-medium wp-image-55\" src=\"https:\/\/blogs.musikerohnegrenzen.de\/katjazill\/wp-content\/uploads\/sites\/29\/2014\/12\/DSCN2063-225x300.jpg\" alt=\"DSCN2063\" width=\"225\" height=\"300\" srcset=\"https:\/\/blogs.musikerohnegrenzen.de\/katjazill\/wp-content\/uploads\/sites\/29\/2014\/12\/DSCN2063-225x300.jpg 225w, https:\/\/blogs.musikerohnegrenzen.de\/katjazill\/wp-content\/uploads\/sites\/29\/2014\/12\/DSCN2063-768x1024.jpg 768w\" sizes=\"(max-width: 225px) 100vw, 225px\" \/><\/a><a href=\"https:\/\/blogs.musikerohnegrenzen.de\/katjazill\/wp-content\/uploads\/sites\/29\/2014\/12\/DSCN2008.jpg\"><img loading=\"lazy\" class=\"alignnone size-medium wp-image-53\" src=\"https:\/\/blogs.musikerohnegrenzen.de\/katjazill\/wp-content\/uploads\/sites\/29\/2014\/12\/DSCN2008-300x225.jpg\" alt=\"DSCN2008\" width=\"300\" height=\"225\" srcset=\"https:\/\/blogs.musikerohnegrenzen.de\/katjazill\/wp-content\/uploads\/sites\/29\/2014\/12\/DSCN2008-300x225.jpg 300w, https:\/\/blogs.musikerohnegrenzen.de\/katjazill\/wp-content\/uploads\/sites\/29\/2014\/12\/DSCN2008-768x576.jpg 768w, https:\/\/blogs.musikerohnegrenzen.de\/katjazill\/wp-content\/uploads\/sites\/29\/2014\/12\/DSCN2008-1024x768.jpg 1024w\" sizes=\"(max-width: 300px) 100vw, 300px\" \/><\/a><\/p>\n<p>Am Sonntag haben wir dann anl\u00e4sslich des 2. Advents (und weil wir zu m\u00fcde f\u00fcr alles andere waren) Pl\u00e4tzchen gebacken. Das war hier gar nicht so einfach, weil uns einiges gefehlt hat, was man f\u00fcr Pl\u00e4tzchen eigentlich brauch. So haben wir z.B. mit Gl\u00e4sern ausgestochen, die Pl\u00e4tzchen auf Alufolie statt auf Backpapier gelegt und gegrillt statt gebacken, weil die Unterhitze im Ofen nicht funktioniert. Aber letztendlich sind sie echt lecker geworden und die gro\u00dfe Dose war am n\u00e4chsten Tag pl\u00f6tzlich schon leer, die Gastfamilien waren n\u00e4mlich auch begeistert von unseren Backk\u00fcnsten \ud83d\ude42<\/p>\n<p><a href=\"https:\/\/blogs.musikerohnegrenzen.de\/katjazill\/wp-content\/uploads\/sites\/29\/2014\/12\/10846797_896277490384101_1810722957_n.jpg\"><img loading=\"lazy\" class=\"alignnone size-medium wp-image-51\" src=\"https:\/\/blogs.musikerohnegrenzen.de\/katjazill\/wp-content\/uploads\/sites\/29\/2014\/12\/10846797_896277490384101_1810722957_n-300x225.jpg\" alt=\"10846797_896277490384101_1810722957_n\" width=\"300\" height=\"225\" srcset=\"https:\/\/blogs.musikerohnegrenzen.de\/katjazill\/wp-content\/uploads\/sites\/29\/2014\/12\/10846797_896277490384101_1810722957_n-300x225.jpg 300w, https:\/\/blogs.musikerohnegrenzen.de\/katjazill\/wp-content\/uploads\/sites\/29\/2014\/12\/10846797_896277490384101_1810722957_n-768x576.jpg 768w, https:\/\/blogs.musikerohnegrenzen.de\/katjazill\/wp-content\/uploads\/sites\/29\/2014\/12\/10846797_896277490384101_1810722957_n.jpg 960w\" sizes=\"(max-width: 300px) 100vw, 300px\" \/><\/a><\/p>\n<p>Da Montag unser unterrichtsfreier Tag ist, hatten wir heute Zeit, um zu einer Kirche auf einem Felsen zu laufen, von der man einen herrlichen Blick auf Ol\u00f3n und das Meer hatte:<\/p>\n<p><a href=\"https:\/\/blogs.musikerohnegrenzen.de\/katjazill\/wp-content\/uploads\/sites\/29\/2014\/12\/DSCN2080.jpg\"><img loading=\"lazy\" class=\"alignnone size-medium wp-image-56\" src=\"https:\/\/blogs.musikerohnegrenzen.de\/katjazill\/wp-content\/uploads\/sites\/29\/2014\/12\/DSCN2080-225x300.jpg\" alt=\"DSCN2080\" width=\"225\" height=\"300\" srcset=\"https:\/\/blogs.musikerohnegrenzen.de\/katjazill\/wp-content\/uploads\/sites\/29\/2014\/12\/DSCN2080-225x300.jpg 225w, https:\/\/blogs.musikerohnegrenzen.de\/katjazill\/wp-content\/uploads\/sites\/29\/2014\/12\/DSCN2080-768x1024.jpg 768w\" sizes=\"(max-width: 225px) 100vw, 225px\" \/><\/a><a href=\"https:\/\/blogs.musikerohnegrenzen.de\/katjazill\/wp-content\/uploads\/sites\/29\/2014\/12\/DSCN2096.jpg\"><img loading=\"lazy\" class=\"alignnone size-medium wp-image-59\" src=\"https:\/\/blogs.musikerohnegrenzen.de\/katjazill\/wp-content\/uploads\/sites\/29\/2014\/12\/DSCN2096-300x225.jpg\" alt=\"DSCN2096\" width=\"300\" height=\"225\" srcset=\"https:\/\/blogs.musikerohnegrenzen.de\/katjazill\/wp-content\/uploads\/sites\/29\/2014\/12\/DSCN2096-300x225.jpg 300w, https:\/\/blogs.musikerohnegrenzen.de\/katjazill\/wp-content\/uploads\/sites\/29\/2014\/12\/DSCN2096-768x576.jpg 768w, https:\/\/blogs.musikerohnegrenzen.de\/katjazill\/wp-content\/uploads\/sites\/29\/2014\/12\/DSCN2096-1024x768.jpg 1024w\" sizes=\"(max-width: 300px) 100vw, 300px\" \/><\/a><a href=\"https:\/\/blogs.musikerohnegrenzen.de\/katjazill\/wp-content\/uploads\/sites\/29\/2014\/12\/DSCN2095.jpg\"><img loading=\"lazy\" class=\"alignnone size-medium wp-image-58\" src=\"https:\/\/blogs.musikerohnegrenzen.de\/katjazill\/wp-content\/uploads\/sites\/29\/2014\/12\/DSCN2095-300x225.jpg\" alt=\"DSCN2095\" width=\"300\" height=\"225\" srcset=\"https:\/\/blogs.musikerohnegrenzen.de\/katjazill\/wp-content\/uploads\/sites\/29\/2014\/12\/DSCN2095-300x225.jpg 300w, https:\/\/blogs.musikerohnegrenzen.de\/katjazill\/wp-content\/uploads\/sites\/29\/2014\/12\/DSCN2095-768x576.jpg 768w, https:\/\/blogs.musikerohnegrenzen.de\/katjazill\/wp-content\/uploads\/sites\/29\/2014\/12\/DSCN2095-1024x768.jpg 1024w\" sizes=\"(max-width: 300px) 100vw, 300px\" \/><\/a><a href=\"https:\/\/blogs.musikerohnegrenzen.de\/katjazill\/wp-content\/uploads\/sites\/29\/2014\/12\/DSCN2101.jpg\"><img loading=\"lazy\" class=\"alignnone size-medium wp-image-60\" src=\"https:\/\/blogs.musikerohnegrenzen.de\/katjazill\/wp-content\/uploads\/sites\/29\/2014\/12\/DSCN2101-300x243.jpg\" alt=\"DSCN2101\" width=\"300\" height=\"243\" \/><\/a><\/p>\n<p>Das wars dann wieder f\u00fcr heute, bis zum n\u00e4chsten Bericht! \ud83d\ude42<\/p>\n","protected":false},"excerpt":{"rendered":"<p>Zurzeit ist einiges los in Ol\u00f3n und es gibt schon wieder viel zu berichten: Letzte Woche hatten wir unsere erste Surfstunde. Nach ein paar Aufw\u00e4rm\u00fcbungen im Sand ging es dann auch direkt mit dem Surfboard ins Wasser. Anfangs war es &hellip; <a href=\"https:\/\/blogs.musikerohnegrenzen.de\/katjazill\/2014\/12\/09\/eleccion-de-la-reina\/\">Weiterlesen <span class=\"meta-nav\">&rarr;<\/span><\/a><\/p>\n","protected":false},"author":34,"featured_media":0,"comment_status":"open","ping_status":"open","sticky":false,"template":"","format":"standard","meta":{"ngg_post_thumbnail":0},"categories":[1],"tags":[],"jetpack_featured_media_url":"","_links":{"self":[{"href":"https:\/\/blogs.musikerohnegrenzen.de\/katjazill\/wp-json\/wp\/v2\/posts\/50"}],"collection":[{"href":"https:\/\/blogs.musikerohnegrenzen.de\/katjazill\/wp-json\/wp\/v2\/posts"}],"about":[{"href":"https:\/\/blogs.musikerohnegrenzen.de\/katjazill\/wp-json\/wp\/v2\/types\/post"}],"author":[{"embeddable":true,"href":"https:\/\/blogs.musikerohnegrenzen.de\/katjazill\/wp-json\/wp\/v2\/users\/34"}],"replies":[{"embeddable":true,"href":"https:\/\/blogs.musikerohnegrenzen.de\/katjazill\/wp-json\/wp\/v2\/comments?post=50"}],"version-history":[{"count":0,"href":"https:\/\/blogs.musikerohnegrenzen.de\/katjazill\/wp-json\/wp\/v2\/posts\/50\/revisions"}],"wp:attachment":[{"href":"https:\/\/blogs.musikerohnegrenzen.de\/katjazill\/wp-json\/wp\/v2\/media?parent=50"}],"wp:term":[{"taxonomy":"category","embeddable":true,"href":"https:\/\/blogs.musikerohnegrenzen.de\/katjazill\/wp-json\/wp\/v2\/categories?post=50"},{"taxonomy":"post_tag","embeddable":true,"href":"https:\/\/blogs.musikerohnegrenzen.de\/katjazill\/wp-json\/wp\/v2\/tags?post=50"}],"curies":[{"name":"wp","href":"https:\/\/api.w.org\/{rel}","templated":true}]}}