{"id":42,"date":"2014-12-04T04:44:02","date_gmt":"2014-12-04T02:44:02","guid":{"rendered":"http:\/\/katjazill.musikerohnegrenzen.de\/?p=42"},"modified":"2014-12-04T04:44:02","modified_gmt":"2014-12-04T02:44:02","slug":"1-advent-in-ecuador","status":"publish","type":"post","link":"https:\/\/blogs.musikerohnegrenzen.de\/katjazill\/2014\/12\/04\/1-advent-in-ecuador\/","title":{"rendered":"1. Advent in Ecuador"},"content":{"rendered":"<p>Jetzt bin ich schon seit 2 Wochen hier in Ecuador und seit dem letzten Blogeintrag hat sich einiges ver\u00e4ndert: Am Samstag sind wir zusammen nach Guayaquil gefahren, um Zoe und Rebekka zum Flughafen zu bringen. Sie waren 4 Monate in Ol\u00f3n und sind jetzt wieder nach Hause geflogen. Daf\u00fcr haben wir Justus am Samstag vom Flughafen abgeholt, er wird in den n\u00e4chsten Monaten Gitarre unterrichten. Wir sind jetzt also zu dritt hier (Debora, Justus und ich).<\/p>\n<p>Am Montag sind wir dann gleich nochmal nach Guayaquil gefahren, um mein Visum abzuholen und das von Justus zum Registrieren abzugeben. Danach waren wir noch auf einem typisch-ecuadorianischen Markt in Guayaquil. Dort gab es Alpaka-Decken, H\u00e4ngematten, Taschen, Schals und vieles mehr.<\/p>\n<p>Da das Essen hier doch recht eint\u00f6nig ist (jeden Tag Reis, entweder mit H\u00fcnchen oder mit Fisch), haben wir heute selbst gekocht. Mittags gab es in meiner Familie Nudel-Gem\u00fcseauflauf und abends bei Debora Pizza.<\/p>\n<p>In der Musikschule l\u00e4uft es gerade ziemlich gut, wir haben viele neue Sch\u00fcler und das Unterrichten macht total Spa\u00df. F\u00fcr das gro\u00dfe Fest in Ol\u00f3n, das n\u00e4chste Woche stattfindet, proben wir gerade 2 St\u00fccke mit dem Chor und fangen ein bisschen mit Weihnachtsliedern an, da das Weihnachtskonzert auch n\u00e4her r\u00fcckt. Allerdings f\u00fchlt es sich echt merkw\u00fcrdig an, bei \u00fcber 30 Grad, strahlendem Sonnenschein und Meeresrauschen im Hintergrund an Weihnachten zu denken und &#8222;Stille Nacht&#8220; zu spielen. Auch wenn hier schon einige H\u00e4user (sehr kitschig!) mit Weihnachtsbeleuchtung geschm\u00fcckt sind, kann ich mir momentan noch gar nicht vorstellen, dass in 3 Wochen schon Weihnachten ist! Den ersten Advent habe ich zusammen mit Justus und Debora mit Teelicht und deutscher Milka-Schokolade im Parkt gefeiert, Adventskr\u00e4nze oder -kalender kennt man hier n\u00e4mlich \u00fcberhaupt nicht&#8230;<\/p>\n<p><a href=\"https:\/\/blogs.musikerohnegrenzen.de\/katjazill\/wp-content\/uploads\/sites\/29\/2014\/12\/DSCN1982.jpg\"><img loading=\"lazy\" class=\"alignnone size-medium wp-image-43\" src=\"https:\/\/blogs.musikerohnegrenzen.de\/katjazill\/wp-content\/uploads\/sites\/29\/2014\/12\/DSCN1982-300x225.jpg\" alt=\"DSCN1982\" width=\"300\" height=\"225\" srcset=\"https:\/\/blogs.musikerohnegrenzen.de\/katjazill\/wp-content\/uploads\/sites\/29\/2014\/12\/DSCN1982-300x225.jpg 300w, https:\/\/blogs.musikerohnegrenzen.de\/katjazill\/wp-content\/uploads\/sites\/29\/2014\/12\/DSCN1982-768x576.jpg 768w, https:\/\/blogs.musikerohnegrenzen.de\/katjazill\/wp-content\/uploads\/sites\/29\/2014\/12\/DSCN1982-1024x768.jpg 1024w\" sizes=\"(max-width: 300px) 100vw, 300px\" \/><\/a><\/p>\n<p>Meine Gastfamilie hat auch versucht, mir zu erkl\u00e4ren, wie sie Weihnachten feiern. Davon habe ich allerdings nur verstanden, dass es ein gemeinsames Abendessen geben wird und es Geschenke erst am 25.12. geben wird, der Rest wird also f\u00fcr mich \u00dcberraschung \ud83d\ude42<\/p>\n","protected":false},"excerpt":{"rendered":"<p>Jetzt bin ich schon seit 2 Wochen hier in Ecuador und seit dem letzten Blogeintrag hat sich einiges ver\u00e4ndert: Am Samstag sind wir zusammen nach Guayaquil gefahren, um Zoe und Rebekka zum Flughafen zu bringen. Sie waren 4 Monate in &hellip; <a href=\"https:\/\/blogs.musikerohnegrenzen.de\/katjazill\/2014\/12\/04\/1-advent-in-ecuador\/\">Weiterlesen <span class=\"meta-nav\">&rarr;<\/span><\/a><\/p>\n","protected":false},"author":34,"featured_media":0,"comment_status":"open","ping_status":"open","sticky":false,"template":"","format":"standard","meta":{"ngg_post_thumbnail":0},"categories":[1],"tags":[],"jetpack_featured_media_url":"","_links":{"self":[{"href":"https:\/\/blogs.musikerohnegrenzen.de\/katjazill\/wp-json\/wp\/v2\/posts\/42"}],"collection":[{"href":"https:\/\/blogs.musikerohnegrenzen.de\/katjazill\/wp-json\/wp\/v2\/posts"}],"about":[{"href":"https:\/\/blogs.musikerohnegrenzen.de\/katjazill\/wp-json\/wp\/v2\/types\/post"}],"author":[{"embeddable":true,"href":"https:\/\/blogs.musikerohnegrenzen.de\/katjazill\/wp-json\/wp\/v2\/users\/34"}],"replies":[{"embeddable":true,"href":"https:\/\/blogs.musikerohnegrenzen.de\/katjazill\/wp-json\/wp\/v2\/comments?post=42"}],"version-history":[{"count":0,"href":"https:\/\/blogs.musikerohnegrenzen.de\/katjazill\/wp-json\/wp\/v2\/posts\/42\/revisions"}],"wp:attachment":[{"href":"https:\/\/blogs.musikerohnegrenzen.de\/katjazill\/wp-json\/wp\/v2\/media?parent=42"}],"wp:term":[{"taxonomy":"category","embeddable":true,"href":"https:\/\/blogs.musikerohnegrenzen.de\/katjazill\/wp-json\/wp\/v2\/categories?post=42"},{"taxonomy":"post_tag","embeddable":true,"href":"https:\/\/blogs.musikerohnegrenzen.de\/katjazill\/wp-json\/wp\/v2\/tags?post=42"}],"curies":[{"name":"wp","href":"https:\/\/api.w.org\/{rel}","templated":true}]}}