{"id":213,"date":"2015-03-04T20:04:26","date_gmt":"2015-03-04T18:04:26","guid":{"rendered":"http:\/\/katjazill.musikerohnegrenzen.de\/?p=213"},"modified":"2015-03-04T20:04:26","modified_gmt":"2015-03-04T18:04:26","slug":"llapingatcho-und-kaesspaetzle","status":"publish","type":"post","link":"https:\/\/blogs.musikerohnegrenzen.de\/katjazill\/2015\/03\/04\/llapingatcho-und-kaesspaetzle\/","title":{"rendered":"Llapingatcho und K\u00e4ssp\u00e4tzle"},"content":{"rendered":"<p>&#8230; da treffen 2 kulinarische Welten aufeinander: Mit Deboras Gastmama haben wir letzte Woche das f\u00fcr Ecuador typische Gericht &#8222;Llapingatcho&#8220; gekocht. Dies bestand aus in der Pfanne gebratenem Kartoffelp\u00fcre mit K\u00e4se, Erdnussso\u00dfe, Spiegelei, Wurst, Salat mit ganz vielen Zwiebeln und nat\u00fcrlich Reis &#8211; also ein buntes Allerlei auf den Tellern, das dann so aussah:<\/p>\n<div id=\"attachment_215\" style=\"width: 280px\" class=\"wp-caption alignnone\"><a href=\"https:\/\/blogs.musikerohnegrenzen.de\/katjazill\/wp-content\/uploads\/sites\/29\/2015\/03\/PICT4162.jpg\"><img aria-describedby=\"caption-attachment-215\" loading=\"lazy\" class=\"wp-image-215\" src=\"https:\/\/blogs.musikerohnegrenzen.de\/katjazill\/wp-content\/uploads\/sites\/29\/2015\/03\/PICT4162-300x225.jpg\" alt=\"PICT4162\" width=\"270\" height=\"206\" \/><\/a><p id=\"caption-attachment-215\" class=\"wp-caption-text\">Llapingacho<\/p><\/div>\n<div id=\"attachment_214\" style=\"width: 279px\" class=\"wp-caption alignnone\"><a href=\"https:\/\/blogs.musikerohnegrenzen.de\/katjazill\/wp-content\/uploads\/sites\/29\/2015\/03\/PICT4151.jpg\"><img aria-describedby=\"caption-attachment-214\" loading=\"lazy\" class=\"wp-image-214\" src=\"https:\/\/blogs.musikerohnegrenzen.de\/katjazill\/wp-content\/uploads\/sites\/29\/2015\/03\/PICT4151-300x225.jpg\" alt=\"PICT4151\" width=\"269\" height=\"204\" \/><\/a><p id=\"caption-attachment-214\" class=\"wp-caption-text\">Beim Kochen<\/p><\/div>\n<p>Bei einer ecuadorianischen Freundin haben wir am Wochenende dann K\u00e4ssp\u00e4tzle gekocht, diese kamen super an und waren vor allem f\u00fcr uns Freiwillige nat\u00fcrlich eine willkomme Abwechslung zum t\u00e4glichen Reis. Auch Deboras Gastmama wollte nochmal in den Genuss der deutschen Pl\u00e4tzchen kommen, also haben wir diese zusammen mit Deboras kleinen Gastgeschwistern nochmals gebacken \ud83d\ude09<\/p>\n<div id=\"attachment_218\" style=\"width: 281px\" class=\"wp-caption alignnone\"><a href=\"https:\/\/blogs.musikerohnegrenzen.de\/katjazill\/wp-content\/uploads\/sites\/29\/2015\/03\/PICT4251.jpg\"><img aria-describedby=\"caption-attachment-218\" loading=\"lazy\" class=\"wp-image-218\" src=\"https:\/\/blogs.musikerohnegrenzen.de\/katjazill\/wp-content\/uploads\/sites\/29\/2015\/03\/PICT4251-300x229.jpg\" alt=\"PICT4251\" width=\"271\" height=\"209\" \/><\/a><p id=\"caption-attachment-218\" class=\"wp-caption-text\">K\u00e4ssp\u00e4tzle<\/p><\/div>\n<div id=\"attachment_216\" style=\"width: 283px\" class=\"wp-caption alignnone\"><a href=\"https:\/\/blogs.musikerohnegrenzen.de\/katjazill\/wp-content\/uploads\/sites\/29\/2015\/03\/PICT4171.jpg\"><img aria-describedby=\"caption-attachment-216\" loading=\"lazy\" class=\"wp-image-216\" src=\"https:\/\/blogs.musikerohnegrenzen.de\/katjazill\/wp-content\/uploads\/sites\/29\/2015\/03\/PICT4171-300x225.jpg\" alt=\"PICT4171\" width=\"273\" height=\"207\" \/><\/a><p id=\"caption-attachment-216\" class=\"wp-caption-text\">Pl\u00e4tzchenbacken<\/p><\/div>\n<p>Am Montag sind wir morgens um 7 (um die Mittagshitze zu meiden) zu einer Finca gelaufen und haben uns dort Pferde ausgeliehen. Beim einst\u00fcndigen Ausritt haben wir dann auch noch ganz neue, herrliche Orte in Ol\u00f3ns Umgebung entdeckt und vom Pferder\u00fccken aus genossen \ud83d\ude09<\/p>\n<p><a href=\"https:\/\/blogs.musikerohnegrenzen.de\/katjazill\/wp-content\/uploads\/sites\/29\/2015\/03\/PICT4256.jpg\"><img loading=\"lazy\" class=\"alignnone  wp-image-220\" src=\"https:\/\/blogs.musikerohnegrenzen.de\/katjazill\/wp-content\/uploads\/sites\/29\/2015\/03\/PICT4256-300x225.jpg\" alt=\"PICT4256\" width=\"273\" height=\"207\" \/><\/a> <a href=\"https:\/\/blogs.musikerohnegrenzen.de\/katjazill\/wp-content\/uploads\/sites\/29\/2015\/03\/PICT4254.jpg\"><img loading=\"lazy\" class=\"alignnone  wp-image-219\" src=\"https:\/\/blogs.musikerohnegrenzen.de\/katjazill\/wp-content\/uploads\/sites\/29\/2015\/03\/PICT4254-300x225.jpg\" alt=\"PICT4254\" width=\"272\" height=\"207\" \/><\/a><\/p>\n<p>Wenn wir gerade nicht in der K\u00fcche besch\u00e4ftigt sind oder die Zeit auf Pferder\u00fccken verbringen, machen wir nat\u00fcrlich auch ab und zu Musik \ud83d\ude09 Letztes Wochenende hatten wir 2 Konzerte in Bars in Ol\u00f3n. Der Andrang h\u00e4tte zwar gr\u00f6\u00dfer sein k\u00f6nnen, aber es hat auf jeden Fall Spa\u00df gemacht und wir konnten doch ein paar Dollar einnehmen.<\/p>\n<p><a href=\"https:\/\/blogs.musikerohnegrenzen.de\/katjazill\/wp-content\/uploads\/sites\/29\/2015\/03\/PICT4234.jpg\"><img loading=\"lazy\" class=\"alignnone size-medium wp-image-217\" src=\"https:\/\/blogs.musikerohnegrenzen.de\/katjazill\/wp-content\/uploads\/sites\/29\/2015\/03\/PICT4234-300x225.jpg\" alt=\"PICT4234\" width=\"300\" height=\"225\" srcset=\"https:\/\/blogs.musikerohnegrenzen.de\/katjazill\/wp-content\/uploads\/sites\/29\/2015\/03\/PICT4234-300x225.jpg 300w, https:\/\/blogs.musikerohnegrenzen.de\/katjazill\/wp-content\/uploads\/sites\/29\/2015\/03\/PICT4234-768x576.jpg 768w, https:\/\/blogs.musikerohnegrenzen.de\/katjazill\/wp-content\/uploads\/sites\/29\/2015\/03\/PICT4234-1024x768.jpg 1024w\" sizes=\"(max-width: 300px) 100vw, 300px\" \/><\/a><\/p>\n<p>Morgen Abend spielen wir Freiwilligen bei einem gro\u00dfen Kulturevent in Salinas (ca. 1,5h von Ol\u00f3n entfernt), am Samstag vormittag in Santa Elena und Abends in einem Nachbardorf von Ol\u00f3n. Am Sonntag ist dann noch unser Sch\u00fclerkonzert und n\u00e4chsten Donnerstag fahren wir gemeinsam ins 6h entfernte Empalme, um ein Konzert im dortigen Theater zu geben. Von da aus werde ich dann gleich weiter nach Quito, also in den Norden Ecuadors, fahren und von dort meine Reise durch Ecuador starten (Ol\u00f3n &#8211; Empalme &#8211; Quito &#8211; Ba\u00f1os &#8211; Cuenca &#8211; Guayaquil &#8211; Galapagos &#8211; Guayaquil &#8211; Ol\u00f3n). Danach bleiben nur noch 3 Tage in meinem &#8222;Heimatdorf&#8220; Ol\u00f3n bis zu meinem R\u00fcckflug am 31.03.2015.<\/p>\n<p>Der n\u00e4chste Blog folgt nach meiner Reise, dann gibt es auch noch eine Schlussbilanz \u00fcber meine 4,5 Monate im Bananenland!<\/p>\n<p>Ganz liebe Gr\u00fc\u00dfe nach Deutschland \ud83d\ude09<\/p>\n<p>Katja<\/p>\n<p>&nbsp;<\/p>\n<p>Ein Video von unseren Aufnahmen in der Musikschule:<\/p>\n<p><iframe loading=\"lazy\" width=\"584\" height=\"329\" src=\"http:\/\/www.youtube.com\/embed\/7UP1GYZFEWA?feature=oembed\" frameborder=\"0\" allowfullscreen><\/iframe><\/p>\n","protected":false},"excerpt":{"rendered":"<p>&#8230; da treffen 2 kulinarische Welten aufeinander: Mit Deboras Gastmama haben wir letzte Woche das f\u00fcr Ecuador typische Gericht &#8222;Llapingatcho&#8220; gekocht. Dies bestand aus in der Pfanne gebratenem Kartoffelp\u00fcre mit K\u00e4se, Erdnussso\u00dfe, Spiegelei, Wurst, Salat mit ganz vielen Zwiebeln und &hellip; <a href=\"https:\/\/blogs.musikerohnegrenzen.de\/katjazill\/2015\/03\/04\/llapingatcho-und-kaesspaetzle\/\">Weiterlesen <span class=\"meta-nav\">&rarr;<\/span><\/a><\/p>\n","protected":false},"author":34,"featured_media":0,"comment_status":"open","ping_status":"open","sticky":false,"template":"","format":"standard","meta":{"ngg_post_thumbnail":0},"categories":[1],"tags":[],"jetpack_featured_media_url":"","_links":{"self":[{"href":"https:\/\/blogs.musikerohnegrenzen.de\/katjazill\/wp-json\/wp\/v2\/posts\/213"}],"collection":[{"href":"https:\/\/blogs.musikerohnegrenzen.de\/katjazill\/wp-json\/wp\/v2\/posts"}],"about":[{"href":"https:\/\/blogs.musikerohnegrenzen.de\/katjazill\/wp-json\/wp\/v2\/types\/post"}],"author":[{"embeddable":true,"href":"https:\/\/blogs.musikerohnegrenzen.de\/katjazill\/wp-json\/wp\/v2\/users\/34"}],"replies":[{"embeddable":true,"href":"https:\/\/blogs.musikerohnegrenzen.de\/katjazill\/wp-json\/wp\/v2\/comments?post=213"}],"version-history":[{"count":0,"href":"https:\/\/blogs.musikerohnegrenzen.de\/katjazill\/wp-json\/wp\/v2\/posts\/213\/revisions"}],"wp:attachment":[{"href":"https:\/\/blogs.musikerohnegrenzen.de\/katjazill\/wp-json\/wp\/v2\/media?parent=213"}],"wp:term":[{"taxonomy":"category","embeddable":true,"href":"https:\/\/blogs.musikerohnegrenzen.de\/katjazill\/wp-json\/wp\/v2\/categories?post=213"},{"taxonomy":"post_tag","embeddable":true,"href":"https:\/\/blogs.musikerohnegrenzen.de\/katjazill\/wp-json\/wp\/v2\/tags?post=213"}],"curies":[{"name":"wp","href":"https:\/\/api.w.org\/{rel}","templated":true}]}}