{"id":185,"date":"2015-02-16T19:06:49","date_gmt":"2015-02-16T17:06:49","guid":{"rendered":"http:\/\/katjazill.musikerohnegrenzen.de\/?p=185"},"modified":"2015-02-16T19:06:49","modified_gmt":"2015-02-16T17:06:49","slug":"ausflug-nach-zhagal","status":"publish","type":"post","link":"https:\/\/blogs.musikerohnegrenzen.de\/katjazill\/2015\/02\/16\/ausflug-nach-zhagal\/","title":{"rendered":"Ausflug nach Zhagal"},"content":{"rendered":"<p>Inmitten von Kakao- und Bananenplantagen haben wir die letzten 3 Tage in Zhagal verbracht. Dort gibt es auch ein Projekt von &#8222;Musiker ohne Grenzen&#8220;, von dem uns Aaron zu seiner Geburtstags- und Abschiedsfeier eingeladen hatte. Nach einer 7-st\u00fcndigen Busfahrt sind wir in dem kleinen D\u00f6rfchen Zhagal angekommen, haben eine kurze F\u00fchrung durch Musikschule und Freiwilligen-WG bekommen und sind Abends noch in den naheliegenden Fluss gesprungen.<\/p>\n<p><a href=\"https:\/\/blogs.musikerohnegrenzen.de\/katjazill\/wp-content\/uploads\/sites\/29\/2015\/02\/PICT4066.jpg\"><img loading=\"lazy\" class=\"alignnone size-medium wp-image-187\" src=\"https:\/\/blogs.musikerohnegrenzen.de\/katjazill\/wp-content\/uploads\/sites\/29\/2015\/02\/PICT4066-300x225.jpg\" alt=\"PICT4066\" width=\"300\" height=\"225\" srcset=\"https:\/\/blogs.musikerohnegrenzen.de\/katjazill\/wp-content\/uploads\/sites\/29\/2015\/02\/PICT4066-300x225.jpg 300w, https:\/\/blogs.musikerohnegrenzen.de\/katjazill\/wp-content\/uploads\/sites\/29\/2015\/02\/PICT4066-768x576.jpg 768w, https:\/\/blogs.musikerohnegrenzen.de\/katjazill\/wp-content\/uploads\/sites\/29\/2015\/02\/PICT4066-1024x768.jpg 1024w\" sizes=\"(max-width: 300px) 100vw, 300px\" \/><\/a><\/p>\n<p>Am n\u00e4chsten Tag sind wir im str\u00f6mendenen Regen zu ca. 40\u00b0C hei\u00dfen Quellen gefahren &#8211; das war eine herrliche Erholung (vor allem, nachdem ich seit 3 Monaten nur mit eiskaltem Wasser geduscht und gewaschen habe!) \ud83d\ude09<\/p>\n<p><a href=\"https:\/\/blogs.musikerohnegrenzen.de\/katjazill\/wp-content\/uploads\/sites\/29\/2015\/02\/PICT4049.jpg\"><img loading=\"lazy\" class=\"alignnone size-medium wp-image-186\" src=\"https:\/\/blogs.musikerohnegrenzen.de\/katjazill\/wp-content\/uploads\/sites\/29\/2015\/02\/PICT4049-300x225.jpg\" alt=\"PICT4049\" width=\"300\" height=\"225\" srcset=\"https:\/\/blogs.musikerohnegrenzen.de\/katjazill\/wp-content\/uploads\/sites\/29\/2015\/02\/PICT4049-300x225.jpg 300w, https:\/\/blogs.musikerohnegrenzen.de\/katjazill\/wp-content\/uploads\/sites\/29\/2015\/02\/PICT4049-768x576.jpg 768w, https:\/\/blogs.musikerohnegrenzen.de\/katjazill\/wp-content\/uploads\/sites\/29\/2015\/02\/PICT4049-1024x768.jpg 1024w\" sizes=\"(max-width: 300px) 100vw, 300px\" \/><\/a><\/p>\n<p>Nachmittags haben wir dann das Konzert der dortigen Musikschule vorbereitet und eine Geburstagstorte f\u00fcr Aaron gebacken. Ganz traditionell musste Aaron nat\u00fcrlich auch vom Kuchen abbeisen, sodass sein Kopf dann in die Torte gedr\u00fcckt werden konnte \ud83d\ude42<\/p>\n<p><a href=\"https:\/\/blogs.musikerohnegrenzen.de\/katjazill\/wp-content\/uploads\/sites\/29\/2015\/02\/PICT4114.jpg\"><img loading=\"lazy\" class=\"alignnone size-medium wp-image-189\" src=\"https:\/\/blogs.musikerohnegrenzen.de\/katjazill\/wp-content\/uploads\/sites\/29\/2015\/02\/PICT4114-225x300.jpg\" alt=\"PICT4114\" width=\"225\" height=\"300\" srcset=\"https:\/\/blogs.musikerohnegrenzen.de\/katjazill\/wp-content\/uploads\/sites\/29\/2015\/02\/PICT4114-225x300.jpg 225w, https:\/\/blogs.musikerohnegrenzen.de\/katjazill\/wp-content\/uploads\/sites\/29\/2015\/02\/PICT4114-768x1024.jpg 768w\" sizes=\"(max-width: 225px) 100vw, 225px\" \/><\/a> <a href=\"https:\/\/blogs.musikerohnegrenzen.de\/katjazill\/wp-content\/uploads\/sites\/29\/2015\/02\/PICT4108.jpg\"><img loading=\"lazy\" class=\"alignnone size-medium wp-image-188\" src=\"https:\/\/blogs.musikerohnegrenzen.de\/katjazill\/wp-content\/uploads\/sites\/29\/2015\/02\/PICT4108-300x225.jpg\" alt=\"PICT4108\" width=\"300\" height=\"225\" srcset=\"https:\/\/blogs.musikerohnegrenzen.de\/katjazill\/wp-content\/uploads\/sites\/29\/2015\/02\/PICT4108-300x225.jpg 300w, https:\/\/blogs.musikerohnegrenzen.de\/katjazill\/wp-content\/uploads\/sites\/29\/2015\/02\/PICT4108-768x576.jpg 768w, https:\/\/blogs.musikerohnegrenzen.de\/katjazill\/wp-content\/uploads\/sites\/29\/2015\/02\/PICT4108-1024x768.jpg 1024w\" sizes=\"(max-width: 300px) 100vw, 300px\" \/><\/a><\/p>\n<p>Zum Abschied haben wir von Aarons Gastfamilie noch Kakaobohnen geschenkt bekommen: Das wei\u00dfe auf dem rechten Bild kann gegessen werden, schmeckt aber \u00fcberhaupt nicht nach Kakao sondern sehr sauer und glitschig. Innen sind dann die Kakaobohnen, die vor der Verarbeitung aber noch getrocknet werden m\u00fcssen.<\/p>\n<p><a href=\"https:\/\/blogs.musikerohnegrenzen.de\/katjazill\/wp-content\/uploads\/sites\/29\/2015\/02\/PICT4146.jpg\"><img loading=\"lazy\" class=\"alignnone  wp-image-190\" src=\"https:\/\/blogs.musikerohnegrenzen.de\/katjazill\/wp-content\/uploads\/sites\/29\/2015\/02\/PICT4146-300x225.jpg\" alt=\"PICT4146\" width=\"276\" height=\"210\" \/><\/a> <a href=\"https:\/\/blogs.musikerohnegrenzen.de\/katjazill\/wp-content\/uploads\/sites\/29\/2015\/02\/PICT4148.jpg\"><img loading=\"lazy\" class=\"alignnone  wp-image-191\" src=\"https:\/\/blogs.musikerohnegrenzen.de\/katjazill\/wp-content\/uploads\/sites\/29\/2015\/02\/PICT4148-300x225.jpg\" alt=\"PICT4148\" width=\"273\" height=\"207\" \/><\/a><\/p>\n<p>Am n\u00e4chsten Morgen sind wir dann zusammen mit Aaron nach Guayaquil gefahren, um ihm am Flughafen zu verabschieden und danach (nach 2-st\u00fcndigem Anstehen zum Busticket kaufen) weiter nach Ol\u00f3n gefahren.<\/p>\n<p>Hier ist der Strand wegen Faschingsferien leider gerade sehr \u00fcberf\u00fcllt, wir freuen uns also wieder umso mehr auf die sonstige Ruhe und Einsamkeit am Meer \ud83d\ude09<\/p>\n","protected":false},"excerpt":{"rendered":"<p>Inmitten von Kakao- und Bananenplantagen haben wir die letzten 3 Tage in Zhagal verbracht. Dort gibt es auch ein Projekt von &#8222;Musiker ohne Grenzen&#8220;, von dem uns Aaron zu seiner Geburtstags- und Abschiedsfeier eingeladen hatte. Nach einer 7-st\u00fcndigen Busfahrt sind &hellip; <a href=\"https:\/\/blogs.musikerohnegrenzen.de\/katjazill\/2015\/02\/16\/ausflug-nach-zhagal\/\">Weiterlesen <span class=\"meta-nav\">&rarr;<\/span><\/a><\/p>\n","protected":false},"author":34,"featured_media":0,"comment_status":"open","ping_status":"open","sticky":false,"template":"","format":"standard","meta":{"ngg_post_thumbnail":0},"categories":[1],"tags":[],"jetpack_featured_media_url":"","_links":{"self":[{"href":"https:\/\/blogs.musikerohnegrenzen.de\/katjazill\/wp-json\/wp\/v2\/posts\/185"}],"collection":[{"href":"https:\/\/blogs.musikerohnegrenzen.de\/katjazill\/wp-json\/wp\/v2\/posts"}],"about":[{"href":"https:\/\/blogs.musikerohnegrenzen.de\/katjazill\/wp-json\/wp\/v2\/types\/post"}],"author":[{"embeddable":true,"href":"https:\/\/blogs.musikerohnegrenzen.de\/katjazill\/wp-json\/wp\/v2\/users\/34"}],"replies":[{"embeddable":true,"href":"https:\/\/blogs.musikerohnegrenzen.de\/katjazill\/wp-json\/wp\/v2\/comments?post=185"}],"version-history":[{"count":0,"href":"https:\/\/blogs.musikerohnegrenzen.de\/katjazill\/wp-json\/wp\/v2\/posts\/185\/revisions"}],"wp:attachment":[{"href":"https:\/\/blogs.musikerohnegrenzen.de\/katjazill\/wp-json\/wp\/v2\/media?parent=185"}],"wp:term":[{"taxonomy":"category","embeddable":true,"href":"https:\/\/blogs.musikerohnegrenzen.de\/katjazill\/wp-json\/wp\/v2\/categories?post=185"},{"taxonomy":"post_tag","embeddable":true,"href":"https:\/\/blogs.musikerohnegrenzen.de\/katjazill\/wp-json\/wp\/v2\/tags?post=185"}],"curies":[{"name":"wp","href":"https:\/\/api.w.org\/{rel}","templated":true}]}}