{"id":174,"date":"2015-02-09T20:22:09","date_gmt":"2015-02-09T18:22:09","guid":{"rendered":"http:\/\/katjazill.musikerohnegrenzen.de\/?p=174"},"modified":"2015-02-09T20:22:09","modified_gmt":"2015-02-09T18:22:09","slug":"festival-de-cometas-teil-2","status":"publish","type":"post","link":"https:\/\/blogs.musikerohnegrenzen.de\/katjazill\/2015\/02\/09\/festival-de-cometas-teil-2\/","title":{"rendered":"Festival de cometas, Teil 2"},"content":{"rendered":"<p>Am Wochenende fand der 2. Teil des &#8222;Festival de cometas&#8220; in Ol\u00f2n statt. Daf\u00fcr wurde am Freitag Abend eine &#8222;Reina de fertilidad&#8220;, also eine Fruchtbarkeitsk\u00f6nigin gew\u00e4lt. Am Samstag fanden dann vormittags Drachen- und Sandburgenwettberbe am Strand statt, in der Nacht gab es ein Kulturprogramm mit Tanz und Musik. Auch wir Freiwilligen hatten die Ehre, auf der B\u00fchne im Park aufzutreten und haben daf\u00fcr in der vergangenen Woche flei\u00dfig ge\u00fcbt. Zum ersten mal lief unser Auftritt sogar verh\u00e4ltnism\u00e4\u00dfig organisiert ab. Wir hatten die M\u00f6glichkeit, am Abend einen Soundcheck zu machen und uns wurde vor unserem Auftritt rechtzeitig mitgeteilt, wann wir an der Reihe sind. Auch der Auftritt selbst war dann sehr gelungen und die Leute sind schon nach den ersten T\u00f6nen unseres ecuadorianischen Liedes in Beifall ausgebrochen. Wir waren zum Gl\u00fcck die erste Gruppe am Abend (um 23:30 Uhr!), denn nach uns sind schon einige Leute gegangen und der Park wurde immer leerer &#8211; bis die letzte Band dann nicht mehr spielen wollte, weil sie kein Publikum mehr hatten.<\/p>\n<p><a href=\"https:\/\/blogs.musikerohnegrenzen.de\/katjazill\/wp-content\/uploads\/sites\/29\/2015\/02\/DSCN2777.jpg\"><img loading=\"lazy\" class=\"alignnone  wp-image-177\" src=\"https:\/\/blogs.musikerohnegrenzen.de\/katjazill\/wp-content\/uploads\/sites\/29\/2015\/02\/DSCN2777-300x225.jpg\" alt=\"DSCN2777\" width=\"263\" height=\"200\" \/><\/a> <a href=\"https:\/\/blogs.musikerohnegrenzen.de\/katjazill\/wp-content\/uploads\/sites\/29\/2015\/02\/DSCN2771.jpg\"><img loading=\"lazy\" class=\"alignnone  wp-image-176\" src=\"https:\/\/blogs.musikerohnegrenzen.de\/katjazill\/wp-content\/uploads\/sites\/29\/2015\/02\/DSCN2771-300x225.jpg\" alt=\"DSCN2771\" width=\"263\" height=\"200\" \/><\/a><a href=\"https:\/\/blogs.musikerohnegrenzen.de\/katjazill\/wp-content\/uploads\/sites\/29\/2015\/02\/PICT4039.jpg\"><img loading=\"lazy\" class=\"alignnone  wp-image-182\" src=\"https:\/\/blogs.musikerohnegrenzen.de\/katjazill\/wp-content\/uploads\/sites\/29\/2015\/02\/PICT4039-300x225.jpg\" alt=\"PICT4039\" width=\"261\" height=\"198\" \/><\/a> <a href=\"https:\/\/blogs.musikerohnegrenzen.de\/katjazill\/wp-content\/uploads\/sites\/29\/2015\/02\/PICT4017.jpg\"><img loading=\"lazy\" class=\"alignnone  wp-image-181\" src=\"https:\/\/blogs.musikerohnegrenzen.de\/katjazill\/wp-content\/uploads\/sites\/29\/2015\/02\/PICT4017-300x225.jpg\" alt=\"PICT4017\" width=\"262\" height=\"199\" \/><\/a><\/p>\n<p>Ansonsten waren wir in der letzten Woche fast den ganzen Tag in der Musikschule, zum Unterrichten, Proben und Aufnehmen. Zusammen mit Aaron, dem Freiwilligen aus Zhagal, haben wir am Strand auch ein Video gedreht, das ich hier hochladen werde, sobald es fertig ist. \ud83d\ude09<\/p>\n<p><a href=\"https:\/\/blogs.musikerohnegrenzen.de\/katjazill\/wp-content\/uploads\/sites\/29\/2015\/02\/IMG_1396.jpg\"><img loading=\"lazy\" class=\"alignnone  wp-image-178\" src=\"https:\/\/blogs.musikerohnegrenzen.de\/katjazill\/wp-content\/uploads\/sites\/29\/2015\/02\/IMG_1396-300x225.jpg\" alt=\"IMG_1396\" width=\"274\" height=\"208\" \/><\/a> <a href=\"https:\/\/blogs.musikerohnegrenzen.de\/katjazill\/wp-content\/uploads\/sites\/29\/2015\/02\/DSCN2731.jpg\"><img loading=\"lazy\" class=\"alignnone  wp-image-175\" src=\"https:\/\/blogs.musikerohnegrenzen.de\/katjazill\/wp-content\/uploads\/sites\/29\/2015\/02\/DSCN2731-300x225.jpg\" alt=\"DSCN2731\" width=\"276\" height=\"210\" \/><\/a> <a href=\"https:\/\/blogs.musikerohnegrenzen.de\/katjazill\/wp-content\/uploads\/sites\/29\/2015\/02\/IMG_1482.jpg\"><img loading=\"lazy\" class=\"alignnone size-medium wp-image-180\" src=\"https:\/\/blogs.musikerohnegrenzen.de\/katjazill\/wp-content\/uploads\/sites\/29\/2015\/02\/IMG_1482-225x300.jpg\" alt=\"IMG_1482\" width=\"225\" height=\"300\" srcset=\"https:\/\/blogs.musikerohnegrenzen.de\/katjazill\/wp-content\/uploads\/sites\/29\/2015\/02\/IMG_1482-225x300.jpg 225w, https:\/\/blogs.musikerohnegrenzen.de\/katjazill\/wp-content\/uploads\/sites\/29\/2015\/02\/IMG_1482-768x1024.jpg 768w\" sizes=\"(max-width: 225px) 100vw, 225px\" \/><\/a> <a href=\"https:\/\/blogs.musikerohnegrenzen.de\/katjazill\/wp-content\/uploads\/sites\/29\/2015\/02\/IMG_1474.jpg\"><img loading=\"lazy\" class=\"alignnone  wp-image-179\" src=\"https:\/\/blogs.musikerohnegrenzen.de\/katjazill\/wp-content\/uploads\/sites\/29\/2015\/02\/IMG_1474-300x225.jpg\" alt=\"IMG_1474\" width=\"318\" height=\"241\" \/><\/a><\/p>\n<p>Zurzeit ist es hier wirklich wahnsinnig hei\u00df, ich k\u00f6nnte gerne ein paar Grad nach Deutschland schicken, denn zur Mittagszeit kann man das Haus kaum verlassen. Leider ist es auch sehr trocken und es gibt oft kein Wasser &#8211; dann hei\u00dft es mit dem Eimer duschen und waschen. Aber zum Gl\u00fcck haben wir ja das Meer quasi direkt vor der Haust\u00fcre, das ist die perfekte Erfrischung bei diesen Temperaturen! \ud83d\ude09<\/p>\n","protected":false},"excerpt":{"rendered":"<p>Am Wochenende fand der 2. Teil des &#8222;Festival de cometas&#8220; in Ol\u00f2n statt. Daf\u00fcr wurde am Freitag Abend eine &#8222;Reina de fertilidad&#8220;, also eine Fruchtbarkeitsk\u00f6nigin gew\u00e4lt. Am Samstag fanden dann vormittags Drachen- und Sandburgenwettberbe am Strand statt, in der Nacht &hellip; <a href=\"https:\/\/blogs.musikerohnegrenzen.de\/katjazill\/2015\/02\/09\/festival-de-cometas-teil-2\/\">Weiterlesen <span class=\"meta-nav\">&rarr;<\/span><\/a><\/p>\n","protected":false},"author":34,"featured_media":0,"comment_status":"open","ping_status":"open","sticky":false,"template":"","format":"standard","meta":{"ngg_post_thumbnail":0},"categories":[1],"tags":[],"jetpack_featured_media_url":"","_links":{"self":[{"href":"https:\/\/blogs.musikerohnegrenzen.de\/katjazill\/wp-json\/wp\/v2\/posts\/174"}],"collection":[{"href":"https:\/\/blogs.musikerohnegrenzen.de\/katjazill\/wp-json\/wp\/v2\/posts"}],"about":[{"href":"https:\/\/blogs.musikerohnegrenzen.de\/katjazill\/wp-json\/wp\/v2\/types\/post"}],"author":[{"embeddable":true,"href":"https:\/\/blogs.musikerohnegrenzen.de\/katjazill\/wp-json\/wp\/v2\/users\/34"}],"replies":[{"embeddable":true,"href":"https:\/\/blogs.musikerohnegrenzen.de\/katjazill\/wp-json\/wp\/v2\/comments?post=174"}],"version-history":[{"count":0,"href":"https:\/\/blogs.musikerohnegrenzen.de\/katjazill\/wp-json\/wp\/v2\/posts\/174\/revisions"}],"wp:attachment":[{"href":"https:\/\/blogs.musikerohnegrenzen.de\/katjazill\/wp-json\/wp\/v2\/media?parent=174"}],"wp:term":[{"taxonomy":"category","embeddable":true,"href":"https:\/\/blogs.musikerohnegrenzen.de\/katjazill\/wp-json\/wp\/v2\/categories?post=174"},{"taxonomy":"post_tag","embeddable":true,"href":"https:\/\/blogs.musikerohnegrenzen.de\/katjazill\/wp-json\/wp\/v2\/tags?post=174"}],"curies":[{"name":"wp","href":"https:\/\/api.w.org\/{rel}","templated":true}]}}