{"id":480,"date":"2014-06-24T20:12:36","date_gmt":"2014-06-24T18:12:36","guid":{"rendered":"http:\/\/joza.musikerohnegrenzen.de\/?p=480"},"modified":"2014-06-24T20:12:36","modified_gmt":"2014-06-24T18:12:36","slug":"planaenderung","status":"publish","type":"post","link":"https:\/\/blogs.musikerohnegrenzen.de\/jozakoinzer\/2014\/06\/24\/planaenderung\/","title":{"rendered":"Plan\u00e4nderung!"},"content":{"rendered":"<p>Yoo wah gwaaan am anderen Ende der Welt? \ud83d\ude42 Ja genau, Deutschland liegt f\u00fcr mich noch immer in weiter Ferne. Manch einer mag sich jetzt vielleicht wundern, da ich in meinem letzten Beitrag doch gro\u00df angek\u00fcndigt hatte, in 2 Wochen wieder zur\u00fcck zu sein (und das war vor 6 Wochen)&#8230;<\/p>\n<p>Nix da &#8211; Plan\u00e4nderung! Ich bin IMMER NOCH auf der kleinen traumhaften Insel. Die Ereignisse haben sich \u00fcberschlagen, ganz spontan habe ich am Wochenende vor meinem (geplanten) Abflug meinen Flug umgebucht.<\/p>\n<p>Wie kommt&#8217;s? &#8211; Ich habe euch doch erz\u00e4hlt, dass ich f\u00fcr Jowayne (meinen Saxophonsch\u00fcler) und Maleik (einer unserer Trompetensch\u00fcler) Bewerbungen f\u00fcr ein Scholarship f\u00fcr das Jamaica Music Camp eingereicht habe. Und jetzt haltet euch fest: Beide (!!!) haben das Stipendium bekommen! Wir waren und sind alle immernoch v\u00f6llig aus dem H\u00e4uschen und es sind nicht wenige Freudentr\u00e4nen geflossen. Was f\u00fcr eine gro\u00dfartige Chance f\u00fcr unsere Sch\u00fcler und mir wird immer mehr bewusst, dass wir hier wirklich was erreichen (k\u00f6nnen) &#8211; endlich tr\u00e4gt unsere Arbeit erste Fr\u00fcchte &#8211; und was f\u00fcr welche! \ud83d\ude42<\/p>\n<p><a href=\"https:\/\/blogs.musikerohnegrenzen.de\/jozakoinzer\/wp-content\/uploads\/sites\/28\/2014\/06\/10382445_897720853576736_8390522082030723252_n.jpg\"><img loading=\"lazy\" class=\"alignnone size-medium wp-image-487\" src=\"https:\/\/blogs.musikerohnegrenzen.de\/jozakoinzer\/wp-content\/uploads\/sites\/28\/2014\/06\/10382445_897720853576736_8390522082030723252_n-300x225.jpg\" alt=\"10382445_897720853576736_8390522082030723252_n\" width=\"300\" height=\"225\" srcset=\"https:\/\/blogs.musikerohnegrenzen.de\/jozakoinzer\/wp-content\/uploads\/sites\/28\/2014\/06\/10382445_897720853576736_8390522082030723252_n-300x225.jpg 300w, https:\/\/blogs.musikerohnegrenzen.de\/jozakoinzer\/wp-content\/uploads\/sites\/28\/2014\/06\/10382445_897720853576736_8390522082030723252_n-768x576.jpg 768w, https:\/\/blogs.musikerohnegrenzen.de\/jozakoinzer\/wp-content\/uploads\/sites\/28\/2014\/06\/10382445_897720853576736_8390522082030723252_n.jpg 960w\" sizes=\"(max-width: 300px) 100vw, 300px\" \/><\/a><\/p>\n<p>Naja, auf jeden Fall wurde ich von der Leiterin gefragt, ob ich mir nicht vorstellen k\u00f6nnte, spontan meine Reisepl\u00e4ne zu \u00e4ndern um in dem Camp f\u00fcr eine Woche als Camp Counselor zu arbeiten. Ganz pl\u00f6tzlich wurde es einem Hirngespinst Realit\u00e4t &#8211; schwupps und ich sitze immer noch auf Jamaika.\u00a0Im Nachhinein war diese Spontan-Aktion die beste Entscheidung, die ich machen konnte. Es ist hier noch so viel passiert, ich wurde und werde an so vielen &#8222;Baustellen&#8220; gebraucht und bin einfach nur gl\u00fccklich, noch etwas mehr Zeit mit meinen Freunden und Sch\u00fclern in meiner zweiten Heimat verbringen zu k\u00f6nnen&#8230;<\/p>\n\n\t\t<style type=\"text\/css\">\n\t\t\t#gallery-1 {\n\t\t\t\tmargin: auto;\n\t\t\t}\n\t\t\t#gallery-1 .gallery-item {\n\t\t\t\tfloat: left;\n\t\t\t\tmargin-top: 10px;\n\t\t\t\ttext-align: center;\n\t\t\t\twidth: 33%;\n\t\t\t}\n\t\t\t#gallery-1 img {\n\t\t\t\tborder: 2px solid #cfcfcf;\n\t\t\t}\n\t\t\t#gallery-1 .gallery-caption {\n\t\t\t\tmargin-left: 0;\n\t\t\t}\n\t\t\t\/* see gallery_shortcode() in wp-includes\/media.php *\/\n\t\t<\/style>\n\t\t<div id='gallery-1' class='gallery galleryid-480 gallery-columns-3 gallery-size-thumbnail'><dl class='gallery-item'>\n\t\t\t<dt class='gallery-icon landscape'>\n\t\t\t\t<a href='https:\/\/blogs.musikerohnegrenzen.de\/jozakoinzer\/2014\/06\/24\/planaenderung\/dsc03121\/'><img width=\"150\" height=\"150\" src=\"https:\/\/blogs.musikerohnegrenzen.de\/jozakoinzer\/wp-content\/uploads\/sites\/28\/2014\/06\/DSC03121-150x150.jpg\" class=\"attachment-thumbnail size-thumbnail\" alt=\"\" loading=\"lazy\" aria-describedby=\"gallery-1-488\" srcset=\"https:\/\/blogs.musikerohnegrenzen.de\/jozakoinzer\/wp-content\/uploads\/sites\/28\/2014\/06\/DSC03121-150x150.jpg 150w, https:\/\/blogs.musikerohnegrenzen.de\/jozakoinzer\/wp-content\/uploads\/sites\/28\/2014\/06\/DSC03121-100x100.jpg 100w\" sizes=\"(max-width: 150px) 100vw, 150px\" \/><\/a>\n\t\t\t<\/dt>\n\t\t\t\t<dd class='wp-caption-text gallery-caption' id='gallery-1-488'>\n\t\t\t\tSp\u00e4\u00dfe im Culture Yard \n\t\t\t\t<\/dd><\/dl><dl class='gallery-item'>\n\t\t\t<dt class='gallery-icon landscape'>\n\t\t\t\t<a href='https:\/\/blogs.musikerohnegrenzen.de\/jozakoinzer\/2014\/06\/24\/planaenderung\/dsc03125\/'><img width=\"150\" height=\"150\" src=\"https:\/\/blogs.musikerohnegrenzen.de\/jozakoinzer\/wp-content\/uploads\/sites\/28\/2014\/06\/DSC03125-150x150.jpg\" class=\"attachment-thumbnail size-thumbnail\" alt=\"\" loading=\"lazy\" aria-describedby=\"gallery-1-489\" srcset=\"https:\/\/blogs.musikerohnegrenzen.de\/jozakoinzer\/wp-content\/uploads\/sites\/28\/2014\/06\/DSC03125-150x150.jpg 150w, https:\/\/blogs.musikerohnegrenzen.de\/jozakoinzer\/wp-content\/uploads\/sites\/28\/2014\/06\/DSC03125-100x100.jpg 100w\" sizes=\"(max-width: 150px) 100vw, 150px\" \/><\/a>\n\t\t\t<\/dt>\n\t\t\t\t<dd class='wp-caption-text gallery-caption' id='gallery-1-489'>\n\t\t\t\tmeine Klavier-M\u00e4dels\n\t\t\t\t<\/dd><\/dl><dl class='gallery-item'>\n\t\t\t<dt class='gallery-icon landscape'>\n\t\t\t\t<a href='https:\/\/blogs.musikerohnegrenzen.de\/jozakoinzer\/dsc03289\/'><img width=\"150\" height=\"150\" src=\"https:\/\/blogs.musikerohnegrenzen.de\/jozakoinzer\/wp-content\/uploads\/sites\/28\/2014\/06\/DSC03289-150x150.jpg\" class=\"attachment-thumbnail size-thumbnail\" alt=\"\" loading=\"lazy\" aria-describedby=\"gallery-1-490\" srcset=\"https:\/\/blogs.musikerohnegrenzen.de\/jozakoinzer\/wp-content\/uploads\/sites\/28\/2014\/06\/DSC03289-150x150.jpg 150w, https:\/\/blogs.musikerohnegrenzen.de\/jozakoinzer\/wp-content\/uploads\/sites\/28\/2014\/06\/DSC03289-100x100.jpg 100w\" sizes=\"(max-width: 150px) 100vw, 150px\" \/><\/a>\n\t\t\t<\/dt>\n\t\t\t\t<dd class='wp-caption-text gallery-caption' id='gallery-1-490'>\n\t\t\t\tBeach-Trip\n\t\t\t\t<\/dd><\/dl><br style=\"clear: both\" \/>\n\t\t<\/div>\n\n<p>&nbsp;<\/p>\n<p>Nochmal ein dickes dickes SORRY, dass ich so lange nichts von mir h\u00f6ren hab lassen! Hier ist so viel los, ich kann noch gar nicht alles realisieren&#8230; In 5 Tagen geht es schon in das Music Camp und am 06. Juli \u00a0dann ganz sicher zur\u00fcck nach Deutschland &#8211; versprochen \ud83d\ude09<\/p>\n<p>Ich wei\u00df noch nicht genau, wann ich die Zeit finde, um endlich mal wieder ausf\u00fchrlich zu bloggen. Es gibt so viel zu erz\u00e4hlen, aber davor muss ich erstmal meine eigenen Gedanken sortieren &#8211; sp\u00e4testens dann in Deutschland!<\/p>\n<p><a href=\"https:\/\/blogs.musikerohnegrenzen.de\/jozakoinzer\/wp-content\/uploads\/sites\/28\/2014\/06\/DSC03173.jpg\"><img loading=\"lazy\" class=\"alignnone size-medium wp-image-491\" src=\"https:\/\/blogs.musikerohnegrenzen.de\/jozakoinzer\/wp-content\/uploads\/sites\/28\/2014\/06\/DSC03173-300x225.jpg\" alt=\"DSC03173\" width=\"300\" height=\"225\" srcset=\"https:\/\/blogs.musikerohnegrenzen.de\/jozakoinzer\/wp-content\/uploads\/sites\/28\/2014\/06\/DSC03173-300x225.jpg 300w, https:\/\/blogs.musikerohnegrenzen.de\/jozakoinzer\/wp-content\/uploads\/sites\/28\/2014\/06\/DSC03173-768x576.jpg 768w, https:\/\/blogs.musikerohnegrenzen.de\/jozakoinzer\/wp-content\/uploads\/sites\/28\/2014\/06\/DSC03173-1024x768.jpg 1024w\" sizes=\"(max-width: 300px) 100vw, 300px\" \/><\/a><\/p>\n<p>So jetzt noch ein musikalischer Ohrenschmauss aus &#8222;Jamaica, land we love!&#8220;<\/p>\n<p>Die Jamaican National Anthem mit Jowayne: \u00a0http:\/\/youtu.be\/3LKtuW0ueSw<\/p>\n","protected":false},"excerpt":{"rendered":"<p>Yoo wah gwaaan am anderen Ende der Welt? \ud83d\ude42 Ja genau, Deutschland liegt f\u00fcr mich noch immer in weiter Ferne. Manch einer mag sich jetzt vielleicht wundern, da ich in meinem letzten Beitrag doch gro\u00df angek\u00fcndigt hatte, in 2 Wochen &hellip; <a href=\"https:\/\/blogs.musikerohnegrenzen.de\/jozakoinzer\/2014\/06\/24\/planaenderung\/\">Weiterlesen <span class=\"meta-nav\">&rarr;<\/span><\/a><\/p>\n","protected":false},"author":33,"featured_media":0,"comment_status":"open","ping_status":"open","sticky":false,"template":"","format":"standard","meta":{"ngg_post_thumbnail":0},"categories":[1],"tags":[],"jetpack_featured_media_url":"","_links":{"self":[{"href":"https:\/\/blogs.musikerohnegrenzen.de\/jozakoinzer\/wp-json\/wp\/v2\/posts\/480"}],"collection":[{"href":"https:\/\/blogs.musikerohnegrenzen.de\/jozakoinzer\/wp-json\/wp\/v2\/posts"}],"about":[{"href":"https:\/\/blogs.musikerohnegrenzen.de\/jozakoinzer\/wp-json\/wp\/v2\/types\/post"}],"author":[{"embeddable":true,"href":"https:\/\/blogs.musikerohnegrenzen.de\/jozakoinzer\/wp-json\/wp\/v2\/users\/33"}],"replies":[{"embeddable":true,"href":"https:\/\/blogs.musikerohnegrenzen.de\/jozakoinzer\/wp-json\/wp\/v2\/comments?post=480"}],"version-history":[{"count":0,"href":"https:\/\/blogs.musikerohnegrenzen.de\/jozakoinzer\/wp-json\/wp\/v2\/posts\/480\/revisions"}],"wp:attachment":[{"href":"https:\/\/blogs.musikerohnegrenzen.de\/jozakoinzer\/wp-json\/wp\/v2\/media?parent=480"}],"wp:term":[{"taxonomy":"category","embeddable":true,"href":"https:\/\/blogs.musikerohnegrenzen.de\/jozakoinzer\/wp-json\/wp\/v2\/categories?post=480"},{"taxonomy":"post_tag","embeddable":true,"href":"https:\/\/blogs.musikerohnegrenzen.de\/jozakoinzer\/wp-json\/wp\/v2\/tags?post=480"}],"curies":[{"name":"wp","href":"https:\/\/api.w.org\/{rel}","templated":true}]}}