{"id":74,"date":"2018-07-26T20:21:58","date_gmt":"2018-07-26T18:21:58","guid":{"rendered":"https:\/\/blogs.musikerohnegrenzen.de\/alixteschke\/?p=74"},"modified":"2018-08-16T22:38:13","modified_gmt":"2018-08-16T20:38:13","slug":"ankunft-und-erste-tage-in-playas","status":"publish","type":"post","link":"https:\/\/blogs.musikerohnegrenzen.de\/alixteschke\/2018\/07\/26\/ankunft-und-erste-tage-in-playas\/","title":{"rendered":"Ankunft und erste Tage in Playas"},"content":{"rendered":"<p>&nbsp;<\/p>\n<p><span style=\"font-family: arial, helvetica, sans-serif\">&nbsp;<\/span><\/p>\n<p><span style=\"font-family: arial, helvetica, sans-serif\">Nachdem ich meine Sachen gepackt und mich von meinen Freunden verschiedet habe, ging es f\u00fcr meine Familie und mich am 13. Juli nach Amsterdam. Von dort bin ich am n\u00e4chsten Morgen nach Ecuador geflogen, nachdem ich auch meiner Familie &#8222;chao hasta mayo&#8220; gesagt habe. Nach 14 Stunden Flug, einem Zwischenstop in Quito und neuen Flugzeugbekanntschaften bin ich gut in Guayaquil angekommen. Am Flughafen wurde ich von Timea, einer anderen MoG aus Playas, ihrem Gastpapa und ihrer Gastoma empfangen. Meine erste Nacht in Ecuador haben wir in Guayaquil, in dem Haus von Timeas Gastoma, verbracht. Bevor wir aber geschlafen haben sa\u00dfen Timea und ich &nbsp;noch mehrere Stunden zusammen, haben geredet und wurden bis sp\u00e4t in die Nacht von der Musik einer fiesta im Haus gegen\u00fcber beschallt. Nach dem Fr\u00fchst\u00fcck am n\u00e4chsten Morgen haben wir uns noch das WM-Finale angeschaut und sind etwas durch Guayaquil gelaufen. Am Nachmittag sind Timea ihr Gastpapa und ich dann mit dem Bus nach Playas gefahren.<\/span><\/p>\n<p><span style=\"font-family: arial, helvetica, sans-serif\">Dort angekommen habe ich endlich meine Familie kennengelernt, bei der ich f\u00fcr die n\u00e4chsten 10 Monate leben werde und die ich vorher nur aus Briefen, Bildern und wenigen Emails kannte.&nbsp;<\/span><\/p>\n<p><span style=\"font-family: arial, helvetica, sans-serif\">&nbsp;<\/span><\/p>\n<p><span style=\"font-family: arial, helvetica, sans-serif\">Am Abend haben wir uns dann noch mit Timea und Lioba im Zentrum getroffen und sind ein bisschen durch Playas und am Strand entlang spaziert.&nbsp;<\/span><\/p>\n<p><span style=\"font-family: arial, helvetica, sans-serif\">&nbsp;<\/span><\/p>\n<p><span style=\"font-family: arial, helvetica, sans-serif\">In den n\u00e4chsten Tagen habe ich mir Liobas Geigenstunden angesehen, die Sch\u00fcler kennengelernt, im Chor mitgesungen und ein paar Vokabeln gelernt. Am freien Mittwochmorgen waren wir Freiwillige mit einem Freund am Strand.&nbsp;<\/span><\/p>\n<p><span style=\"font-family: arial, helvetica, sans-serif\">&nbsp;<\/span><\/p>\n<p><span style=\"font-family: arial, helvetica, sans-serif\">Im Kulturzentrum ist zur Zeit ziemlich viel los. Neben unseren Unterrichtsstunden und den Proben der &#8222;ola sinf\u00f3nica&#8220; f\u00fcr unser Konzert am Freitag finden noch viele verschiedene Kurse statt sowie Proben f\u00fcr die &#8222;Reinas de Playas&#8220;. Trotzdem finden Lioba und ich auch Zeit f\u00fcr Duos, wenn Sch\u00fcler nicht oder sp\u00e4ter kommen. Das Zusammenspiel mach super viel Spa\u00df!<\/span><\/p>\n<p><span style=\"font-family: arial, helvetica, sans-serif\">&nbsp;<\/span><\/p>\n<p><span style=\"font-family: arial, helvetica, sans-serif\">Am Samstagmorgen waren wir wieder am Strand. Diesmal nicht nur schwimmen, sondern auch surfen. Ich freue mich darauf, es in den n\u00e4chsten Monaten richtig zu lernen. Das restliche Wochenende haben Timea, Lioba und ich in Guayaquil verbracht. Wir haben das Konzert der dortigen Musikschule &#8222;Clave de sur&#8220; angeh\u00f6rt, getanzt und gefeiert. Es ist beeindruckend, wie selbstst\u00e4ndig und weit das Projekt dort schon ist.&nbsp;<\/span><\/p>\n<p><span style=\"font-family: arial, helvetica, sans-serif\">&nbsp;<\/span><\/p>\n<p><span style=\"font-family: arial, helvetica, sans-serif\">Jetzt in der neuen Woche hatte ich schon ein paar eigene Geigenstunden. Das Unterrichten macht Spa\u00df und trotz einiger fehlender Vokabeln klappt es schon ganz gut. Zu meinem Gl\u00fcck habe ich mit Rapha\u00ebl aber auch einen sehr ambitionierten Sch\u00fcler, der au\u00dfer Spanisch auch Englisch, Franz\u00f6sisch und ein bisschen Deutsch spricht. Die Verst\u00e4ndigung klappt also meistens ganz gut. Insgesamt verstehe ich recht viel, aber noch lange nicht alles. Trotzdem kann ich mich mit meiner Familie, Freunden und Leuten in der Musikschule ganz gut unterhalten.<\/span><\/p>\n<p><span style=\"font-family: arial, helvetica, sans-serif\">&nbsp;<\/span><\/p>\n<p><span style=\"font-family: arial, helvetica, sans-serif\">Es ist unglaublich, wie schnell die Zeit vergeht &#8211; Ich bin jetzt schon l\u00e4nger als eine Woche hier! Und einerseits kommt es mir so vor, als w\u00e4re ich gestern erst angekommen, andererseits ist vieles schon zur Gewohnheit geworden, sodass ich mich gar nicht mehr so &#8222;neu&#8220; f\u00fchle. Mir geht es sehr gut und ich f\u00fchle mich wohl hier.&nbsp;<\/span><\/p>\n<p><img loading=\"lazy\" class=\"alignnone size-medium wp-image-72\" src=\"https:\/\/blogs.musikerohnegrenzen.de\/alixteschke\/wp-content\/uploads\/sites\/36\/2018\/07\/20180711_122616-1-300x187.jpg\" alt=\"\" width=\"300\" height=\"187\" srcset=\"https:\/\/blogs.musikerohnegrenzen.de\/alixteschke\/wp-content\/uploads\/sites\/36\/2018\/07\/20180711_122616-1-300x187.jpg 300w, https:\/\/blogs.musikerohnegrenzen.de\/alixteschke\/wp-content\/uploads\/sites\/36\/2018\/07\/20180711_122616-1-768x480.jpg 768w, https:\/\/blogs.musikerohnegrenzen.de\/alixteschke\/wp-content\/uploads\/sites\/36\/2018\/07\/20180711_122616-1-1024x639.jpg 1024w\" sizes=\"(max-width: 300px) 100vw, 300px\" \/><img loading=\"lazy\" class=\"alignnone size-medium wp-image-71\" src=\"https:\/\/blogs.musikerohnegrenzen.de\/alixteschke\/wp-content\/uploads\/sites\/36\/2018\/07\/20180714_150720-300x169.jpg\" alt=\"\" width=\"300\" height=\"169\" srcset=\"https:\/\/blogs.musikerohnegrenzen.de\/alixteschke\/wp-content\/uploads\/sites\/36\/2018\/07\/20180714_150720-300x169.jpg 300w, https:\/\/blogs.musikerohnegrenzen.de\/alixteschke\/wp-content\/uploads\/sites\/36\/2018\/07\/20180714_150720-768x432.jpg 768w, https:\/\/blogs.musikerohnegrenzen.de\/alixteschke\/wp-content\/uploads\/sites\/36\/2018\/07\/20180714_150720-1024x576.jpg 1024w\" sizes=\"(max-width: 300px) 100vw, 300px\" \/><img loading=\"lazy\" class=\"alignnone size-medium wp-image-70\" src=\"https:\/\/blogs.musikerohnegrenzen.de\/alixteschke\/wp-content\/uploads\/sites\/36\/2018\/07\/20180718_182204-300x169.jpg\" alt=\"\" width=\"300\" height=\"169\" srcset=\"https:\/\/blogs.musikerohnegrenzen.de\/alixteschke\/wp-content\/uploads\/sites\/36\/2018\/07\/20180718_182204-300x169.jpg 300w, https:\/\/blogs.musikerohnegrenzen.de\/alixteschke\/wp-content\/uploads\/sites\/36\/2018\/07\/20180718_182204-768x432.jpg 768w, https:\/\/blogs.musikerohnegrenzen.de\/alixteschke\/wp-content\/uploads\/sites\/36\/2018\/07\/20180718_182204-1024x576.jpg 1024w\" sizes=\"(max-width: 300px) 100vw, 300px\" \/><img loading=\"lazy\" class=\"alignnone size-medium wp-image-67\" src=\"https:\/\/blogs.musikerohnegrenzen.de\/alixteschke\/wp-content\/uploads\/sites\/36\/2018\/07\/20180724_135258-300x169.jpg\" alt=\"\" width=\"300\" height=\"169\" srcset=\"https:\/\/blogs.musikerohnegrenzen.de\/alixteschke\/wp-content\/uploads\/sites\/36\/2018\/07\/20180724_135258-300x169.jpg 300w, https:\/\/blogs.musikerohnegrenzen.de\/alixteschke\/wp-content\/uploads\/sites\/36\/2018\/07\/20180724_135258-768x432.jpg 768w, https:\/\/blogs.musikerohnegrenzen.de\/alixteschke\/wp-content\/uploads\/sites\/36\/2018\/07\/20180724_135258-1024x576.jpg 1024w\" sizes=\"(max-width: 300px) 100vw, 300px\" \/><img loading=\"lazy\" class=\"alignnone size-medium wp-image-66\" src=\"https:\/\/blogs.musikerohnegrenzen.de\/alixteschke\/wp-content\/uploads\/sites\/36\/2018\/07\/20180724_155127-300x169.jpg\" alt=\"\" width=\"300\" height=\"169\" srcset=\"https:\/\/blogs.musikerohnegrenzen.de\/alixteschke\/wp-content\/uploads\/sites\/36\/2018\/07\/20180724_155127-300x169.jpg 300w, https:\/\/blogs.musikerohnegrenzen.de\/alixteschke\/wp-content\/uploads\/sites\/36\/2018\/07\/20180724_155127-768x432.jpg 768w, https:\/\/blogs.musikerohnegrenzen.de\/alixteschke\/wp-content\/uploads\/sites\/36\/2018\/07\/20180724_155127-1024x576.jpg 1024w\" sizes=\"(max-width: 300px) 100vw, 300px\" \/><img loading=\"lazy\" class=\"alignnone size-medium wp-image-66\" src=\"https:\/\/blogs.musikerohnegrenzen.de\/alixteschke\/wp-content\/uploads\/sites\/36\/2018\/07\/20180724_155127-300x169.jpg\" alt=\"\" width=\"300\" height=\"169\" srcset=\"https:\/\/blogs.musikerohnegrenzen.de\/alixteschke\/wp-content\/uploads\/sites\/36\/2018\/07\/20180724_155127-300x169.jpg 300w, https:\/\/blogs.musikerohnegrenzen.de\/alixteschke\/wp-content\/uploads\/sites\/36\/2018\/07\/20180724_155127-768x432.jpg 768w, https:\/\/blogs.musikerohnegrenzen.de\/alixteschke\/wp-content\/uploads\/sites\/36\/2018\/07\/20180724_155127-1024x576.jpg 1024w\" sizes=\"(max-width: 300px) 100vw, 300px\" \/><img loading=\"lazy\" class=\"alignnone size-medium wp-image-68\" src=\"https:\/\/blogs.musikerohnegrenzen.de\/alixteschke\/wp-content\/uploads\/sites\/36\/2018\/07\/20180722_105923-300x169.jpg\" alt=\"\" width=\"300\" height=\"169\" srcset=\"https:\/\/blogs.musikerohnegrenzen.de\/alixteschke\/wp-content\/uploads\/sites\/36\/2018\/07\/20180722_105923-300x169.jpg 300w, https:\/\/blogs.musikerohnegrenzen.de\/alixteschke\/wp-content\/uploads\/sites\/36\/2018\/07\/20180722_105923-768x432.jpg 768w, https:\/\/blogs.musikerohnegrenzen.de\/alixteschke\/wp-content\/uploads\/sites\/36\/2018\/07\/20180722_105923-1024x576.jpg 1024w\" sizes=\"(max-width: 300px) 100vw, 300px\" \/><\/p>\n","protected":false},"excerpt":{"rendered":"<p>&nbsp; &nbsp; Nachdem ich meine Sachen gepackt und mich von meinen Freunden verschiedet habe, ging es f\u00fcr meine Familie und mich am 13. Juli nach Amsterdam. Von dort bin ich am n\u00e4chsten Morgen nach Ecuador geflogen, nachdem ich auch meiner Familie &#8222;chao hasta mayo&#8220; gesagt habe. Nach 14 Stunden Flug, einem Zwischenstop in Quito und<a class=\"read-more \" href=\"https:\/\/blogs.musikerohnegrenzen.de\/alixteschke\/2018\/07\/26\/ankunft-und-erste-tage-in-playas\/\" title=\"Read More\"> <span class=\"button default\">Read More<\/span><\/a><\/p>\n","protected":false},"author":41,"featured_media":75,"comment_status":"open","ping_status":"open","sticky":false,"template":"","format":"standard","meta":{"ngg_post_thumbnail":0},"categories":[1,5],"tags":[],"jetpack_featured_media_url":"https:\/\/blogs.musikerohnegrenzen.de\/alixteschke\/wp-content\/uploads\/sites\/36\/2018\/07\/20180724_135704.jpg","_links":{"self":[{"href":"https:\/\/blogs.musikerohnegrenzen.de\/alixteschke\/wp-json\/wp\/v2\/posts\/74"}],"collection":[{"href":"https:\/\/blogs.musikerohnegrenzen.de\/alixteschke\/wp-json\/wp\/v2\/posts"}],"about":[{"href":"https:\/\/blogs.musikerohnegrenzen.de\/alixteschke\/wp-json\/wp\/v2\/types\/post"}],"author":[{"embeddable":true,"href":"https:\/\/blogs.musikerohnegrenzen.de\/alixteschke\/wp-json\/wp\/v2\/users\/41"}],"replies":[{"embeddable":true,"href":"https:\/\/blogs.musikerohnegrenzen.de\/alixteschke\/wp-json\/wp\/v2\/comments?post=74"}],"version-history":[{"count":1,"href":"https:\/\/blogs.musikerohnegrenzen.de\/alixteschke\/wp-json\/wp\/v2\/posts\/74\/revisions"}],"predecessor-version":[{"id":76,"href":"https:\/\/blogs.musikerohnegrenzen.de\/alixteschke\/wp-json\/wp\/v2\/posts\/74\/revisions\/76"}],"wp:featuredmedia":[{"embeddable":true,"href":"https:\/\/blogs.musikerohnegrenzen.de\/alixteschke\/wp-json\/wp\/v2\/media\/75"}],"wp:attachment":[{"href":"https:\/\/blogs.musikerohnegrenzen.de\/alixteschke\/wp-json\/wp\/v2\/media?parent=74"}],"wp:term":[{"taxonomy":"category","embeddable":true,"href":"https:\/\/blogs.musikerohnegrenzen.de\/alixteschke\/wp-json\/wp\/v2\/categories?post=74"},{"taxonomy":"post_tag","embeddable":true,"href":"https:\/\/blogs.musikerohnegrenzen.de\/alixteschke\/wp-json\/wp\/v2\/tags?post=74"}],"curies":[{"name":"wp","href":"https:\/\/api.w.org\/{rel}","templated":true}]}}